{"id":87632,"date":"2020-02-21T12:04:34","date_gmt":"2020-02-21T11:04:34","guid":{"rendered":"https:\/\/manueldelia.com\/?p=87632"},"modified":"2020-02-21T12:57:24","modified_gmt":"2020-02-21T11:57:24","slug":"is-skiet-tal-gvern-jitkellem-wahdu","status":"publish","type":"post","link":"https:\/\/manueldelia.com\/mt\/2020\/02\/is-skiet-tal-gvern-jitkellem-wahdu\/","title":{"rendered":"Is-skiet tal-gvern jitkellem wa\u0127du"},"content":{"rendered":"<p><img class=\"size-large wp-image-87628 aligncenter\" src=\"https:\/\/manueldelia.com\/wp-content\/uploads\/2020\/02\/Malta-FM-2-1200x520-1-1024x444.jpg\" alt=\"\" width=\"1024\" height=\"444\" srcset=\"https:\/\/manueldelia.com\/wp-content\/uploads\/2020\/02\/Malta-FM-2-1200x520-1-200x87.jpg 200w, https:\/\/manueldelia.com\/wp-content\/uploads\/2020\/02\/Malta-FM-2-1200x520-1-300x130.jpg 300w, https:\/\/manueldelia.com\/wp-content\/uploads\/2020\/02\/Malta-FM-2-1200x520-1-400x173.jpg 400w, https:\/\/manueldelia.com\/wp-content\/uploads\/2020\/02\/Malta-FM-2-1200x520-1-600x260.jpg 600w, https:\/\/manueldelia.com\/wp-content\/uploads\/2020\/02\/Malta-FM-2-1200x520-1-768x333.jpg 768w, https:\/\/manueldelia.com\/wp-content\/uploads\/2020\/02\/Malta-FM-2-1200x520-1-800x347.jpg 800w, https:\/\/manueldelia.com\/wp-content\/uploads\/2020\/02\/Malta-FM-2-1200x520-1.jpg 1024w\" sizes=\"(max-width: 1024px) 100vw, 1024px\" \/><\/p>\n<p>Dak li xehed Neville Gaf\u00e0 din il-\u0121img\u0127a fl-inkjesta dwar il-qtil ta&#8217; Daphne Caruana Galizia jmeri stqarrijiet li kienu saru fl-2018 minn dak li kien il-Ministeru tal-Affarijiet Barranin, Carmelo Abela. Wie\u0127ed minn dawn it-tnejn qed jigdeb u l-gvern je\u0127tie\u0121 li jg\u0127idilna min minnhom qed jigdeb.<\/p>\n<p>Din il-\u0121img\u0127a, Neville Gaf\u00e0 stqarr li f&#8217;idejh kellu passaport diplomatiku u li hu kien irrappre\u017centa lil Malta f&#8217;ta\u0127ditiet li saru mal-awtoritajiet tal-Libja dwar is-su\u0121\u0121ett tal-immigrazzjoni. Qal ukoll li kien intbag\u0127at fuq missjoni uffi\u010bjali tal-gvern u li kien il-Libja fuq &#8220;xog\u0127ol&#8221;. Dan meta l-uniku xog\u0127ol tieg\u0127u kien dak ta&#8217; uffi\u010bjal tal-gvern. Huwa qal ukoll li, bis-sa\u0127\u0127a tax-xog\u0127ol li kien wettaq, kien salva \u0127ajjet eluf li kienu jg\u0127erqu fl-ib\u0127ra ta&#8217; bejn Malta u l-Libja li ma kienx g\u0127all-\u0127idma tieg\u0127u.<\/p>\n<p>F&#8217;Novembru 2018, dak li kien il-Ministru tal-Affarijiet Barranin u li s&#8217;issa g\u0127adu Ministru, <a href=\"https:\/\/www.independent.com.mt\/articles\/2018-11-25\/local-news\/Government-demands-answers-from-Gafa-after-diplomatic-claims-Carmelo-Abela-6736199847\" target=\"_blank\" rel=\"noopener noreferrer\">Carmelo Abela lil <em>The Malta Independent on Sunday<\/em> kien qalilha li l-gvern talab lil Neville Gaf\u00e0 jispjega x&#8217;kien mar jag\u0127mel il-Libja<\/a>. Rapport imxandar f&#8217;<em>The Malta Independent on Sunday <\/em>kien ig\u0127id hekk: \u201cIl-Ministru Abela qal li Gaf\u00e0 m&#8217;huwiex impjegat fil-ministeru tieg\u0127u u mhux minnu li dan g\u0127andu f&#8217;idejh passaport diplomatiku.\u201d<\/p>\n<p>\u201cAbela \u017cied ig\u0127id li \u2018l-gvern kien talab lil Gaf\u00e0 jag\u0127ti spjegazzjoni\u2019. Lill-Ministru, Gaf\u00e0 qallu li kien mar il-Libja fuq kwistjoni personali u li kien \u0127allas g\u0127all-vja\u0121\u0121 minn butu. F&#8217;ebda \u0127in ma kien qed jirrappre\u017centa lill-gvern.\u201d<\/p>\n<p>Din l-istqarrija saret b&#8217;mod uffi\u010bjali minn uffi\u010bjal tal-gvern li sal-lum ma \u0121ietx irtirata. U sa din il-\u0121img\u0127a stess, Neville Gaf\u00e0 baqa&#8217; ma meriex lil din l-istqarrija.<\/p>\n<p>Il-Ministru Carmelo Abela issa je\u0127tie\u0121 ig\u0127idilna jekk f&#8217;Novembru 2018 kienux gidbulu jew inkella kienx gideb lill-pubbliku huwa stess. Il-Ministeru tal-Affarijiet Barranin je\u0127tie\u0121 ig\u0127id huwiex minnu jew le li Neville Gaf\u00e0 kellu f&#8217;idejh passaport diplomatiku u, jekk dan huwa minnu, min kien dak li \u0127a d-de\u010bi\u017cjoni li jo\u0127ro\u0121lu dan il-passaport.<\/p>\n<p>Min ikollu fil-pussess tieg\u0127u passaport diplomatiku jkun intitolat g\u0127al sensiela ta&#8217; immunitajiet u ta&#8217; e\u017cenzjonijiet mill-investigazzjoni.<\/p>\n<p>Neville Gaf\u00e0 seta&#8217; kellu fuqu flus kontanti mi\u0121burin mit-tix\u0127im fuq il-\u0127ru\u0121 ta&#8217; vi\u017ci medi\u010bi: passaport diplomatiku kien je\u017centah minn tfittxija fuq il-persuna tieg\u0127u. Seta&#8217; kellu fuqu flus kontanti biex ixa\u0127\u0127am lix-xhieda f&#8217;kaw\u017ca ta&#8217; libell li g\u0127amel hu stess kontra min g\u0127amel xiljiet fil-konfront tieg\u0127u.<\/p>\n<p>Jekk Neville Gaf\u00e0 qed jigdeb &#8211; \u0127a\u0121a li mhux se jikkonfondi li jag\u0127mel jekk jara li jkun jaqbillu &#8211; l-impunit\u00e0 li g\u0127adu jgawdi sal-lum je\u0127tie\u0121 li tintemm.<\/p>\n<p>Jekk kien hemm ministri tal-gvern li kienu g\u0127attewlu xturu bil-gideb, dawn je\u0127tie\u0121 li jitkellmu jekk iridu li jitwemmnu li m&#8217;g\u0127andhomx rabtiet mal-kon\u0121uri kriminali li qed ig\u0127attu dawn il-gideb.<\/p>\n<p>Carmelo Abela, Evarist Bartolo u Robert Abela m&#8217;huma jg\u0127idu xejn.<\/p>\n<p>Dan is-skiet nafu x&#8217;ifisser.<\/p>\n","protected":false},"excerpt":{"rendered":"<p>Dak li xehed Neville Gaf\u00e0 din il-\u0121img\u0127a fl-inkjesta dwar il-qtil ta&#8217; Daphne Caruana Galizia jmeri stqarrijiet li kienu saru fl-2018 minn dak li kien il-Ministeru tal-Affarijiet Barranin, Carmelo Abela. Wie\u0127ed minn dawn it-tnejn qed jigdeb u l-gvern je\u0127tie\u0121 li jg\u0127idilna min minnhom qed jigdeb. Din il-\u0121img\u0127a, Neville Gaf\u00e0 stqarr li f&#8217;idejh kellu passaport diplomatiku u [&hellip;]<\/p>\n","protected":false},"author":1,"featured_media":87629,"comment_status":"open","ping_status":"open","sticky":false,"template":"","format":"standard","meta":[],"categories":[54],"tags":[],"_links":{"self":[{"href":"https:\/\/manueldelia.com\/mt\/wp-json\/wp\/v2\/posts\/87632\/"}],"collection":[{"href":"https:\/\/manueldelia.com\/mt\/wp-json\/wp\/v2\/posts\/"}],"about":[{"href":"https:\/\/manueldelia.com\/mt\/wp-json\/wp\/v2\/types\/post\/"}],"author":[{"embeddable":true,"href":"https:\/\/manueldelia.com\/mt\/wp-json\/wp\/v2\/users\/1\/"}],"replies":[{"embeddable":true,"href":"https:\/\/manueldelia.com\/mt\/wp-json\/wp\/v2\/comments\/?post=87632"}],"version-history":[{"count":3,"href":"https:\/\/manueldelia.com\/mt\/wp-json\/wp\/v2\/posts\/87632\/revisions\/"}],"predecessor-version":[{"id":87635,"href":"https:\/\/manueldelia.com\/mt\/wp-json\/wp\/v2\/posts\/87632\/revisions\/87635\/"}],"wp:featuredmedia":[{"embeddable":true,"href":"https:\/\/manueldelia.com\/mt\/wp-json\/wp\/v2\/media\/87629\/"}],"wp:attachment":[{"href":"https:\/\/manueldelia.com\/mt\/wp-json\/wp\/v2\/media\/?parent=87632"}],"wp:term":[{"taxonomy":"category","embeddable":true,"href":"https:\/\/manueldelia.com\/mt\/wp-json\/wp\/v2\/categories\/?post=87632"},{"taxonomy":"post_tag","embeddable":true,"href":"https:\/\/manueldelia.com\/mt\/wp-json\/wp\/v2\/tags\/?post=87632"}],"curies":[{"name":"wp","href":"https:\/\/api.w.org\/{rel}","templated":true}]}}