{"id":88741,"date":"2020-03-31T10:00:45","date_gmt":"2020-03-31T08:00:45","guid":{"rendered":"https:\/\/manueldelia.com\/?p=88741"},"modified":"2020-03-31T12:10:41","modified_gmt":"2020-03-31T10:10:41","slug":"robert-abela-qed-ihejji-ruhu-ghad-daqqiet","status":"publish","type":"post","link":"https:\/\/manueldelia.com\/mt\/2020\/03\/robert-abela-qed-ihejji-ruhu-ghad-daqqiet\/","title":{"rendered":"Robert Abela qed i\u0127ejji ru\u0127u g\u0127ad-daqqiet"},"content":{"rendered":"<p><img class=\"aligncenter size-full wp-image-88737\" src=\"https:\/\/manueldelia.com\/wp-content\/uploads\/2020\/03\/183c71d28c898f083c4f8fcfcf2956a1f2c1b6e8-1575729018-5debb77a-1920x1280-1.jpg\" alt=\"\" width=\"955\" height=\"636\" srcset=\"https:\/\/manueldelia.com\/wp-content\/uploads\/2020\/03\/183c71d28c898f083c4f8fcfcf2956a1f2c1b6e8-1575729018-5debb77a-1920x1280-1-200x133.jpg 200w, https:\/\/manueldelia.com\/wp-content\/uploads\/2020\/03\/183c71d28c898f083c4f8fcfcf2956a1f2c1b6e8-1575729018-5debb77a-1920x1280-1-300x200.jpg 300w, https:\/\/manueldelia.com\/wp-content\/uploads\/2020\/03\/183c71d28c898f083c4f8fcfcf2956a1f2c1b6e8-1575729018-5debb77a-1920x1280-1-400x266.jpg 400w, https:\/\/manueldelia.com\/wp-content\/uploads\/2020\/03\/183c71d28c898f083c4f8fcfcf2956a1f2c1b6e8-1575729018-5debb77a-1920x1280-1-600x400.jpg 600w, https:\/\/manueldelia.com\/wp-content\/uploads\/2020\/03\/183c71d28c898f083c4f8fcfcf2956a1f2c1b6e8-1575729018-5debb77a-1920x1280-1-768x511.jpg 768w, https:\/\/manueldelia.com\/wp-content\/uploads\/2020\/03\/183c71d28c898f083c4f8fcfcf2956a1f2c1b6e8-1575729018-5debb77a-1920x1280-1-800x533.jpg 800w, https:\/\/manueldelia.com\/wp-content\/uploads\/2020\/03\/183c71d28c898f083c4f8fcfcf2956a1f2c1b6e8-1575729018-5debb77a-1920x1280-1.jpg 955w\" sizes=\"(max-width: 955px) 100vw, 955px\" \/><\/p>\n<p>Robert Abela jaf sewwa li, malli jinstab tarf tal-epidemija tal-<i>coronavirus<\/i>, il-qag\u0127da tal-pajji\u017c ser tkun ag\u0127ar milli kienet meta fe\u0121\u0121et il-marda g\u0127all-ewwel darba. U kif dejjem ji\u0121ri kull meta l-pajji\u017c jin\u0127akem minn xi saram, id-dg\u0127jufijiet li ta&#8217; spiss kienu ji\u0121u injorati fi\u017c-\u017cminijiet tal-\u0121id wie\u0127ed jibda&#8217; jag\u0127ti ka\u017chom aktar meta jaslu \u017c-\u017cminijiet tal-g\u0127aks. \u017bminijiet li fihom in-nies tibda&#8217; tapprezza aktar dak li tkun tilfet min\u0127abba l-korruzzjoni u r-reg\u0127ba. Is-solidarjet\u00e0 fost in-nies li \u0127olqot l-epidemija ser tikkuntrasta mal-inugwaljanzi li dejjem qed jinfirxu u li n\u0127olqu mill-attitudnijiet individwalisti\u010bi u edonisti\u010bi li kellna tul is-snin sa tmiem l-2019. M&#8217;hemmx dubju li ser ikollna nag\u0127mlu t-tibdiliet u dan ser ifisser ukoll li s-soluzzjonijiet nofs kedda bis-sa\u0127\u0127a ta&#8217; xiri permezz tal-flus li konna drajna bihom ta\u0127t Joseph Muscat m&#8217;humiex ser jibqg\u0127u japplikaw.<\/p>\n<p>Robert Abela qed jifhem li, minkejja d-dg\u0127jufijiet li g\u0127ad hemm fi \u0127dan l-avversarju politiku ewlieni tal-Partit Laburista, minkejja l-fatt li ma kellu ebda tort g\u0127all-wasla f&#8217;pajji\u017cna tal-epidemija tal-<em>coronavirus,<\/em> minkejja l-fatt li &#8211; b&#8217;xorti \u0127a\u017cina g\u0127alih &#8211; fl-ewwel \u0121ranet tat-tmexxija tieg\u0127u kellu jiffa\u010b\u010bja l-akbar sfida li qatt rat l-umanit\u00e0 f&#8217;dawn l-a\u0127\u0127ar 80 sena, l-elezzjoni \u0121enerali li jmiss g\u0127alih ser tkun wa\u0127da iebsa.<\/p>\n<p>Lejliet l-elezzjoni \u0121enerali mhux ser ikollu wisq x&#8217;iqassam biex ikun jista&#8217; jsa\u0127\u0127a\u0127 l-appo\u0121\u0121 g\u0127all-partit tieg\u0127u fost l-elettorat u x&#8217;aktarx li, tort tat-tmexxija ta&#8217; dak ta&#8217; qablu, xejn m&#8217;hu se jin\u017cel g\u0127asel mas-segwa\u010bi tal-partit tieg\u0127u.<\/p>\n<p>Il-flus li qed jo\u0127ro\u0121 il-gvern ikun je\u0127tie\u0121 li jintraddu lura. Ikun je\u0127tie\u0121 li jara kif se jiffinanzja l-ispejje\u017c li \u0121abet mag\u0127ha l-epidemija u jkun je\u0127tie\u0121lu jsiefer barra mill-pajji\u017c biex jipprova jattira l-investiment lejn Malta. M&#8217;hix ser tkun xi bi\u010b\u010ba xog\u0127ol fa\u010bli. L-epidemija laqtet lid-dinja kollha. L-investituri kollha ntlaqtu \u0127a\u017cin u kull gvern ser jara kif jag\u0127mel biex jeg\u0127leb lill-kompetituri sabiex jirba\u0127 l-investiment lejn pajji\u017cu. U bosta minn dawn l-investituri se jkunu nkora\u0121\u0121iti mill-gvernijiet ta&#8217; pajji\u017chom biex ja\u0127sbu f&#8217;pajji\u017chom u biex jinvestu fih.<\/p>\n<p>U Robert Abela ser ikollu jiffa\u010b\u010bja fenomenu \u0121did: il-qg\u0127ad massi\u010b\u010b. G\u0127alkemm g\u0127ad hawn minn jipprova jbellag\u0127ha li kien fl-2013 li telg\u0127et ix-xemx f&#8217;Malta g\u0127all-ewwel darba, pajji\u017cna ilu aktar minn 25 sena ma jkollu qg\u0127ad li jaqbe\u017c i\u010b-\u010bifra ta&#8217; 4%. M&#8217;hix \u0127a\u0121a \u010berta li, hekk kif jinstab tarf tal-epidemija, ser ikollna l-qg\u0127ad fil-pajji\u017c. I\u017cda jekk ma nie\u0127dux \u0127sieb minn issa biex nilqg\u0127u g\u0127all-mew\u0121, il-possibilit\u00e0 li jkollna l-qg\u0127ad x&#8217;aktarx li ssir realt\u00e0.<\/p>\n<p>Robert Abela dan kollu jafu sewwa u qed i\u0127ejji ru\u0127u g\u0127al \u010birkostanzi b\u0127al dawn.<\/p>\n<p>Huma bosta dawk li nteb\u0127u li qed iberraq bejn Robert Abela u l-Ministru tas-Sa\u0127\u0127a Chris Fearne u li dawn qed jag\u0127mlu l-bsaten fir-roti lil xulxin. Xi ftit mill-ka\u0121un ta&#8217; dan kollu \u0121ej mit-t\u0127anfis. Robert Abela xejn m&#8217;hu jie\u0127u pja\u010bir jara lir-rival tieg\u0127u g\u0127at-tmexxija tal-partit igawdi r-rispett kwa\u017ci unanimu tal-poplu. Dan ma jfissirx li Chris Fearne ma \u017cbalja qatt u li m&#8217;g\u0127andux jerfa&#8217; wkoll ir-responsabbilt\u00e0 tieg\u0127u dwar il-kwistjoni ta&#8217; <em>Steward Health Care<\/em>. I\u017cda n-nies qed tifhem u t\u0127oss li kieku fil-po\u017cizzjoni ta&#8217; Chris Fearne hemm \u0127addie\u0127or, konna mmorru l-ba\u0127ar. Tinsewx li, g\u0127al \u0121ie\u0127na, Konrad Mizzi kien g\u0127amel \u017cmien b\u0127ala Ministru tas-Sa\u0127\u0127a!<\/p>\n<p>Biex inkun \u0121ust ma&#8217; Robert Abela, rrid ng\u0127id li bil-prim ministru l-\u0121did g\u0127amilna titjib meta wie\u0127ed jipparagunah ma&#8217; dak ta&#8217; qablu. Li kieku b\u0127alissa Joseph Muscat g\u0127adu prim ministru, ma kienitx tkun \u0127a\u0121a kbira li kien jit\u0127ajjar jag\u0127mel b\u0127al sie\u0127bu Victor Orban u jissospendi d-demokrazija. G\u0127all-grazzja tal-\u0127anin Alla, Robert Abela ma jimma\u0121inax lilu nnifsu b\u0127ala dittatur.<\/p>\n<p>Madankollu g\u0127andu bi\u017c\u017cejjed imma\u0121inazzjoni biex jipprova jirba\u0127 elezzjoni u li jsir ikona tal-partit tieg\u0127u. Issa hemm i\u010b-\u010bans li kollox isirlu suf. Il-5 metodi ta&#8217; Joseph Muscat m&#8217;g\u0127adhomx ig\u0127oddu. Dawn il-5 metodi g\u0127andkom tiftakruhom:<\/p>\n<ol>\n<li>lill-udjenza li jkollok quddiemek, dejjem g\u0127idilha dak li jdoqq g\u0127al widnejha;<\/li>\n<li><span style=\"display: inline !important; float: none; background-color: #ffffff; color: #333333; font-family: Georgia,'Times New Roman','Bitstream Charter',Times,serif; font-size: 16px; font-style: normal; font-variant: normal; font-weight: 400; letter-spacing: normal; orphans: 2; text-align: left; text-decoration: none; text-indent: 0px; text-transform: none; -webkit-text-stroke-width: 0px; white-space: normal; word-spacing: 0px;\">lin-nies ikkuntentahom minkejja l-i\u017cbalji li tkun g\u0127amilt;<\/span><\/li>\n<li>eqred l-infurzar;<\/li>\n<li>il-flus er\u0127ilhom jinfirxu, \u0121ejjin minn fejn ikunu \u0121ejjin;<\/li>\n<li>lejliet l-elezzjoni qassam aktar milli tkun tifla\u0127.<\/li>\n<\/ol>\n<p>Robert Abela dan kollu ma jistax jag\u0127mlu, in parti tort tal-politika ta&#8217; Joseph Muscat stess. Fl-2013 kien \u0127ajjar \u0127afna nies jivvutawlu min\u0127abba l-weg\u0127da li kien g\u0127amel li jra\u0127\u0127as il-kontijiet tad-dawl. Weg\u0127da b\u0127al din, Robert Abela jista&#8217; jkompli wettaqha g\u0127aliex il-prezz ta\u017c-\u017cejt waqa&#8217; g\u0127al-livelli tas-sena 2002. I\u017cda l-verit\u00e0 hi li ma jistax ira\u0127\u0127as g\u0127aliex Joseph Muscat kien g\u0127adda l-kontroll tad-distribuzzjoni tal-ener\u0121ija tag\u0127na f&#8217;idejn i\u010b-\u010aini\u017ci u l-kontroll tal-produzzjoni tal-ener\u0121ija f&#8217;idejn l-A\u017cerbaj\u0121an.<\/p>\n<p>G\u0127aldaqstant Robert Abela kien je\u0127tie\u0121 li j\u0127abbel rasu u issa qed i\u0127ejji ru\u0127u biex, fl-elezzjoni li jmiss, ikun f&#8217;po\u017cizzjoni biex ji\u0121\u0121ustifika lilu nnifsu g\u0127all-g\u0127aks li ser i\u0121ibu mag\u0127hom ekonomija dg\u0127ajjfa, finanzi pubbli\u010bi mg\u0127aff\u0121in, aktar taxxi u \u017cjiediet fil-livelli tal-qg\u0127ad. Ser ig\u0127idilna li ma kienx tort tieg\u0127u li l-ekonomija ddghajjfet min\u0127abba l-epidemija u li g\u0127amel kulma seta&#8217; biex itaffi t-tbatija. U li kien g\u0127al Chris Fearne, l-pajji\u017c kien jing\u0127alaq mill-bidu nett u l-konsegwenzi kienu jkunu \u0127afna ag\u0127ar.<\/p>\n<p>I\u010b-\u010bap\u010bip li qed igawdi b\u0127alissa Chris Fearne, Robert Abela jridu g\u0127alih. U malli jinsab tarf tal-epidemija, ibqg\u0127u \u010berti li ser iwa\u0127\u0127al fil-Ministru tas-Sa\u0127\u0127a g\u0127all-g\u0127aks ekonomiku. Ser ig\u0127id li, kieku g\u0127addiet tieg\u0127u, hu seta&#8217; evita l-g\u0127aks li ser ikollna ng\u0127addu minnu.<\/p>\n<p>Politikament Robert Abela jrid jibqa&#8217; jimra\u0127 fil-wi\u010b\u010b. U b\u0127alma ji\u0121ri dejjem, tkun il-verit\u00e0 li tie\u0127u l-ewwel daqqa.<\/p>\n","protected":false},"excerpt":{"rendered":"<p>Robert Abela jaf sewwa li, malli jinstab tarf tal-epidemija tal-coronavirus, il-qag\u0127da tal-pajji\u017c ser tkun ag\u0127ar milli kienet meta fe\u0121\u0121et il-marda g\u0127all-ewwel darba. U kif dejjem ji\u0121ri kull meta l-pajji\u017c jin\u0127akem minn xi saram, id-dg\u0127jufijiet li ta&#8217; spiss kienu ji\u0121u injorati fi\u017c-\u017cminijiet tal-\u0121id wie\u0127ed jibda&#8217; jag\u0127ti ka\u017chom aktar meta jaslu \u017c-\u017cminijiet tal-g\u0127aks. \u017bminijiet li fihom in-nies [&hellip;]<\/p>\n","protected":false},"author":1,"featured_media":88738,"comment_status":"open","ping_status":"open","sticky":false,"template":"","format":"standard","meta":[],"categories":[54],"tags":[],"_links":{"self":[{"href":"https:\/\/manueldelia.com\/mt\/wp-json\/wp\/v2\/posts\/88741\/"}],"collection":[{"href":"https:\/\/manueldelia.com\/mt\/wp-json\/wp\/v2\/posts\/"}],"about":[{"href":"https:\/\/manueldelia.com\/mt\/wp-json\/wp\/v2\/types\/post\/"}],"author":[{"embeddable":true,"href":"https:\/\/manueldelia.com\/mt\/wp-json\/wp\/v2\/users\/1\/"}],"replies":[{"embeddable":true,"href":"https:\/\/manueldelia.com\/mt\/wp-json\/wp\/v2\/comments\/?post=88741"}],"version-history":[{"count":4,"href":"https:\/\/manueldelia.com\/mt\/wp-json\/wp\/v2\/posts\/88741\/revisions\/"}],"predecessor-version":[{"id":88758,"href":"https:\/\/manueldelia.com\/mt\/wp-json\/wp\/v2\/posts\/88741\/revisions\/88758\/"}],"wp:featuredmedia":[{"embeddable":true,"href":"https:\/\/manueldelia.com\/mt\/wp-json\/wp\/v2\/media\/88738\/"}],"wp:attachment":[{"href":"https:\/\/manueldelia.com\/mt\/wp-json\/wp\/v2\/media\/?parent=88741"}],"wp:term":[{"taxonomy":"category","embeddable":true,"href":"https:\/\/manueldelia.com\/mt\/wp-json\/wp\/v2\/categories\/?post=88741"},{"taxonomy":"post_tag","embeddable":true,"href":"https:\/\/manueldelia.com\/mt\/wp-json\/wp\/v2\/tags\/?post=88741"}],"curies":[{"name":"wp","href":"https:\/\/api.w.org\/{rel}","templated":true}]}}