{"id":89389,"date":"2020-04-20T07:42:25","date_gmt":"2020-04-20T05:42:25","guid":{"rendered":"https:\/\/manueldelia.com\/?p=89389"},"modified":"2020-04-20T12:18:18","modified_gmt":"2020-04-20T10:18:18","slug":"ifarfru-t-tort-fuq-l-unjoni-ewropea","status":"publish","type":"post","link":"https:\/\/manueldelia.com\/mt\/2020\/04\/ifarfru-t-tort-fuq-l-unjoni-ewropea\/","title":{"rendered":"Ifarfru t-tort fuq l-Unjoni Ewropea"},"content":{"rendered":"<p><img class=\"aligncenter size-full wp-image-89374\" src=\"https:\/\/manueldelia.com\/wp-content\/uploads\/2020\/04\/4_ks_generation_europe.jpg\" alt=\"\" width=\"684\" height=\"513\" srcset=\"https:\/\/manueldelia.com\/wp-content\/uploads\/2020\/04\/4_ks_generation_europe-200x150.jpg 200w, https:\/\/manueldelia.com\/wp-content\/uploads\/2020\/04\/4_ks_generation_europe-300x225.jpg 300w, https:\/\/manueldelia.com\/wp-content\/uploads\/2020\/04\/4_ks_generation_europe-400x300.jpg 400w, https:\/\/manueldelia.com\/wp-content\/uploads\/2020\/04\/4_ks_generation_europe-600x450.jpg 600w, https:\/\/manueldelia.com\/wp-content\/uploads\/2020\/04\/4_ks_generation_europe.jpg 684w\" sizes=\"(max-width: 684px) 100vw, 684px\" \/><\/p>\n<p>Fl-isforz tag\u0127hom li jsibu l-g\u0127edewwa lil minn jattakkaw, tal-Partit Laburista u dawk li jitkellmu f&#8217;ismu tg\u0127idx kemm qeg\u0127din jehdew iwa\u0127\u0127lu fl-Unjoni Ewropea g\u0127al dak kollu li ma jin\u017clilhomx. Il-propaganda ta&#8217; mibg\u0127eda kontra l-barranin qabdet l-g\u0127eruq u qed tinfirex anki fost u\u0127ud li ma jappo\u0121\u0121jawhomx.<\/p>\n<p>Dan m&#8217;hu xejn \u0127lief pass ie\u0127or fit-triq tal-lemin estrem li qabad il-Partit Laburista b&#8217;\u0127e\u0121\u0121a liema b\u0127alha.<\/p>\n<p>Nie\u0127du l-kontroversja li hawn b\u0127alissa li fiha hemm min qed ifittex ir-&#8220;ra\u0121unijiet&#8221; biex lil min ikun qed jeg\u0127req nibqg\u0127u ma nsalvaw\u0127x. Politi\u010bi Maltin qed jippruvaw ji\u0121\u0121ustifikaw il-fatt li qed jibqg\u0127u lura milli jag\u0127mlu d-dmir tag\u0127hom u jsalvaw lin-nies mill-g\u0127arqa billi lill-poplu qed ig\u0127idulu li dan id-dmir huwa tal-Unjoni Ewropea.<\/p>\n<p>L-Unjoni Ewropea m&#8217;hix &#8220;xi \u0127add ie\u0127or&#8221;. Ikun qed iqarraq min jippunta sebg\u0127u lejn Brussell u lejn uffi\u010bjali tal-Kummissjoni b\u0127allikieku dawn jinsabu armati b&#8217;dg\u0127ajjes velo\u010bi li jistg\u0127u jo\u0127or\u0121u jsalvaw in-nies ma&#8217; kull rokna tal-ib\u0127ra Ewropej kull darba li jse\u0127\u0127 xi in\u010bident. Il-kosta Ewropea hi mifruxa mill-kosta tal-Ba\u0127ar l-Iswed, il-Mediterran, l-Atlantiku, il-Ba\u0127ar tat-Tramuntana, il-Baltiku u l-Arktiku. Ferm qabel ma n\u0127olqot l-Unjoni Ewropea, kull pajji\u017c li g\u0127andu l-kosta tieg\u0127u tmiss ma&#8217; dawn l-ib\u0127ra kellu d-dmir li jsalva lin-nies li jsibu ru\u0127hom fil-periklu fl-ib\u0127ra tieg\u0127u u kull wie\u0127ed minn dawn il-pajji\u017ci g\u0127andu nfrastruttura li t\u0127ares il-kosta biex dan id-dmir ikun jista&#8217; jitwettaq.<\/p>\n<p>Malta g\u0127andha x-xorti li hi g\u017cira f&#8217;nofs il-Mediterran. Il-po\u017cizzjoni \u0121eografika tal-pajji\u017c hi ta&#8217; valur kbir. Li kieku konna g\u017cira \u017cg\u0127ira f&#8217;nofs il-Ba\u0127ar Atlantiku jew dak Pa\u010bifiku, ma kienx ikollna l-vanta\u0121\u0121i li g\u0127andna b\u0127ala g\u017cira \u017cg\u0127ira f&#8217;nofs il-Mediterran. I\u017cda marbutin mal-vanta\u0121\u0121i hemm ukoll ir-responsabbiltajiet. Responsabbiltajiet li huma kollha tag\u0127na. U mhux ta&#8217; \u0127addie\u0127or.<\/p>\n<p>Jekk ikun hemm xi dg\u0127ajsa qed tag\u0127req vi\u010bin il-kosta tal-Latvja, \u0127add ma jippretendi li Malta g\u0127andha tibg\u0127at dg\u0127ajjes fil-Ba\u0127ar Baltiku biex issalva lin-nies mill-g\u0127arqa. Din hi r-ra\u0121uni l-g\u0127ala meta jkun hemm min qed jeg\u0127req fl-ib\u0127ra tag\u0127na, ikun hemm minn ja\u0127sibna m\u0121ienen meta nwa\u0127\u0127lu fl-Unjoni Ewropea talli a\u0127na stess inkunu nqasna minn dmirna li nsalvawhom.<\/p>\n<p>Il-partiti tal-lemin estrem, b\u0127all-Partit Laburista ta&#8217; Malta, ma jridu xejn biex iwa\u0127\u0127lu fil-barrani. Dawn kollha huma ta&#8217; pezza wa\u0127da. Fil-fatt il-partiti tal-lemin fl-Italja, fil-Gre\u010bja, fil-\u0120ermanja u fi Franza ilkoll jitkellmu b&#8217;le\u0127en u ton wie\u0127ed. Il-partit tal-lemin estrem fl-Italja kien g\u0127amel xi \u017cmien fil-gvern u g\u0127ad jer\u0121a&#8217; jkun fis-setg\u0127a. Fl-Ungerija, l-lemin estrem tista&#8217; tg\u0127id li \u0127oloq dittatura. U fil-Polonja qieg\u0127din biex.<\/p>\n<p>\u010aertament li l-Partit Laburista ta&#8217; Malta m&#8217;huwiex wa\u0127du.<\/p>\n<p>G\u0127alkemm wie\u0127ed ma jistax ilaqqam lill-Konservattivi tar-Renju Unit b\u0127ala xi partit tal-lemin estrem, is-sentiment anti-Ewropew u t-twa\u0127\u0127il tat-tort fuq l-Unjoni Ewropeja g\u0127al dak li suppost g\u0127andu jsir mill-awtoritajiet lokali u nazzjonali huwa preludju g\u0127al dak li jista&#8217; jse\u0127\u0127 fil-\u0121ejjieni kemm f&#8217;Malta kif ukoll barra minn xtutha.<\/p>\n<p>Hemm min bir-ra\u0121un ifakkarna li l-pro\u0121ett Ewropew huwa msejjes fuq il-prin\u010bipju tas-solidarjet\u00e0. U dan il-prin\u010bipju qed jinkiser ripetutament minn gvernijiet tal-lemin b\u0127al dawk tal-Ungerija u tal-Polonja li qed jirrifjutaw li jerfg\u0127u sehemhom mill-pi\u017c tal-immigranti li jkunu \u0121ejjin minn nofsinhar tal-kontinent.<\/p>\n<p>U din is-sitwazzjoni qed isservi ta&#8217; sku\u017ca komda: f&#8217;Malta hawn bosta li qed ig\u0127idu li \u0121aladarba l-Ungerija ma&#8217; tridx tilqa&#8217; l-immigranti li nkunu salvajna, m&#8217;g\u0127andna g\u0127alfejn insalvaw lil ebda immigrant.<\/p>\n<p>B&#8217;dan l-a\u0121ir l-ewwel li jbatu jkunu dawk l-immigranti li nonqsu li nsalvaw. I\u017cda l-iskop wara din il-kitba hu li nitfa&#8217; dawl fuq il-fatt li hawn min qed jirra\u0121una li jkun ferm a\u0127jar g\u0127alina kemm il-darba s-solidarjet\u00e0 ta&#8217; ming\u0127ajr fruntieri, s-sovranit\u00e0 maqsuma bejn il-pajji\u017ci u l-pro\u0121ett Ewropew inwarrbuhom g\u0127al kollox.<\/p>\n<p>Issa wie\u0127ed g\u0127andu dejjem jiftakar li s-solidarjet\u00e0 ta&#8217; ming\u0127ajr fruntieri, s-sovranit\u00e0 maqsuma bejn il-pajji\u017ci u l-pro\u0121ett Ewropew kienu n\u0127olqu bl-iskop li ji\u0121u evitati l-gwerer di\u017castru\u017ci li kienu \u0127akmu lill-kontinent Ewropew tul is-sekli. Dawn il-gwerer kienu skattaw min\u0127abba nuqqas ta&#8217; qbil dwar territorji u fruntieri, min\u0127abba dak li kien inftiehem b\u0127ala nuqqas ta&#8217; \u0121ustizzja fin-negozju, min\u0127abba l-kilba g\u0127all-\u0121id ta&#8217; pajji\u017ci \u0121irien u min\u0127abba rivalitajiet kulturali. Bis-sa\u0127\u0127a tal-integrazzjoni fi \u0127dan l-Unjoni Ewropea, l-vanta\u0121\u0121i u l-\u0121id ta&#8217; dawn il-pajji\u017ci kollha n\u0121abru flimkien u l-fruntieri t\u0127assru bil-g\u0127an li nkunu nistg\u0127u nitg\u0127allmu ng\u0127ixu flimkien fil-pa\u010bi u b&#8217;hekk il-\u0127tie\u0121a li nirrikorru g\u0127all-gwerra tispi\u010b\u010ba.<\/p>\n<p>Madankollu ta&#8217; min isemmi li, malli tfa\u010b\u010bat l-epidemija, kien hemm min \u0127assu komdu hekk kif bdew jittellg\u0127u l-\u0127itan u kull pajji\u017c beda&#8217; jaqdef g\u0127al rasu fi sforz biex ti\u0121i kontrollata l-marda. M&#8217;g\u0127andniex xi ng\u0127idu, din it-tendenza anti-Ewropea ma bdietx fi Frar 2020 meta fe\u0121\u0121et l-epidemija u ilha tin\u0127ema g\u0127al snin s\u0127a\u0127 kemm f&#8217;Malta kif ukoll f&#8217;pajji\u017ci madwar l-Ewropa. Il-kri\u017ci li \u0121abet mag\u0127ha l-epidemija serviet biex qieg\u0127det din it-tendenza fl-ewwel filliera.<\/p>\n<p>Il-Partit Laburista ta&#8217; Malta huwa kompost minn grupp ta&#8217; persuni privile\u0121\u0121jati li huma determinati li jikkonservaw is-setg\u0127a biex ikunu jistg\u0127u jag\u0127mlu li jridu ming\u0127ajr xkiel. Mill-2008 l&#8217; hawn, ra kif g\u0127amel biex ji\u017cgura li fl-arena politika ma jkun hemm ebda alternattiva g\u0127all-awtorit\u00e0 u l-influwenza tieg\u0127u. Fil-pro\u010bess, ipprova jikkontrolla lill-qrati, lill-korp tal-pulizija ppoliti\u010bizzah, qered lis-servizz \u010bivili, mmina lill-istampa, elimina t-theddida li kellu fil-persuna tal-aqwa \u0121urnalista li kellu l-pajji\u017c, infiltra lill-oppo\u017cizzjoni u issa jidher li hu m\u0127e\u0121\u0121e\u0121 li jeqred lill-g\u0127aqdiet tas-so\u010bjet\u00e0 \u010bivili.<\/p>\n<p>Dan il-pjan jinkludi fih l-imminar tal-Unjoni Ewropea u issa wasalna biex nid\u0127lu f&#8217;din il-fa\u017ci. Il-li\u0121ijiet tal-Unjoni Ewropea jqieg\u0127du l-paramentri li fi \u0127danhom gvern nazzjonali ikun jista&#8217; ja\u0127dem. G\u0127aldaqstant gvernijiet b\u0127al tag\u0127na ma jistg\u0127ux jag\u0127mlu dak li jfettlilhom. Is-sa\u0127\u0127a politika li tista&#8217; \u0121\u0121ib mag\u0127ha s-s\u0127ubjia ta&#8217; pajji\u017c f&#8217;istituzzjonijiet internazzjonali m&#8217;hix wa\u0127da awtomatika. I\u017cda taf tkun bi\u017c\u017cejjed biex tirrikonoxxi li r-re\u017cistenza tal-g\u0127aqdiet tas-so\u010bjet\u00e0 \u010bivili kif ukoll l-inizjattivi me\u0127udin mill-istampa u l-pressjoni minn na\u0127a tal-istituzzjonijiet Ewropej servew biex Joseph Muscat spi\u010b\u010ba twarrab.<\/p>\n<p>Din is-sitwaazjoni, lil tal-Labour ma tog\u0127\u0121obhom xejn. Jekk dawn ifettlilhom li jridu j\u0127allu lil min jeg\u0127req fil-ba\u0127ar, ma jridu ebda korp tal-pulizija jew im\u0127allef jg\u0127idilhom li dan ma jistg\u0127ux jag\u0127mluh. \u010aertament lanqas ma jridu lill-g\u0127aqdiet tas-so\u010bjet\u00e0 \u010bivili u lill-Unjoni Ewropea jg\u0127idulhom x&#8217;ma jistg\u0127ux jag\u0127mlu.<\/p>\n<p>B\u0127alissa tal-Labour jinsabu mehdijin f&#8217;kampanja biex jippruvaw ji\u017colaw u j\u017cebil\u0127u lill-g\u0127aqdiet tas-so\u010bjet\u00e0 \u010bivili, u b&#8217;mod aktar sottili, qed jippruvaw jimminaw is-s\u0127ubija tag\u0127hna fl-Unjoni Ewropea. U nkunu qed naqg\u0127u g\u0127aliha meta nibdew naqblu li tal-Unjoni Ewropea huma g\u0127aqda mxajtna g\u0127aliex qed jonqsu mid-dmir li jsalvaw lil min ikun qed jag\u0127req fl-ib\u0127ra tag\u0127na. Din m&#8217;hi xejn \u0127lief il-ver\u017cjoni faxxista tal-istejjer li kienu jivvintaw il-Konservattivi dwar\u00a0 il-frott tal-banana dritt jew il-26,911 kelma u\u017cati fil-li\u0121ijiet dwar il-kabo\u010b\u010bi.<\/p>\n<p>Pajji\u017c b&#8217;partit wie\u0127ed, g\u0127alkemm ikun im\u0127e\u0121\u0121e\u0121 li jerda&#8217; flus kemm jifla\u0127 mill-Unjoni Ewropea, ma jkunx lest li joqg\u0127od g\u0127al-li\u0121ijiet tag\u0127ha.<\/p>\n<p>Oqg\u0127odu b&#8217;seba&#8217; g\u0127ajnejn.<\/p>\n<p>Dawn bi \u0127siebhom i\u010ba\u0127\u0127duna mill-pa\u010bi u l-li\u0121ijiet Ewropej u nafu nsibu ru\u0127na n\u010bap\u010bpulhom.<\/p>\n","protected":false},"excerpt":{"rendered":"<p>Fl-isforz tag\u0127hom li jsibu l-g\u0127edewwa lil minn jattakkaw, tal-Partit Laburista u dawk li jitkellmu f&#8217;ismu tg\u0127idx kemm qeg\u0127din jehdew iwa\u0127\u0127lu fl-Unjoni Ewropea g\u0127al dak kollu li ma jin\u017clilhomx. Il-propaganda ta&#8217; mibg\u0127eda kontra l-barranin qabdet l-g\u0127eruq u qed tinfirex anki fost u\u0127ud li ma jappo\u0121\u0121jawhomx. Dan m&#8217;hu xejn \u0127lief pass ie\u0127or fit-triq tal-lemin estrem li qabad [&hellip;]<\/p>\n","protected":false},"author":1,"featured_media":89375,"comment_status":"open","ping_status":"open","sticky":false,"template":"","format":"standard","meta":[],"categories":[54],"tags":[],"_links":{"self":[{"href":"https:\/\/manueldelia.com\/mt\/wp-json\/wp\/v2\/posts\/89389\/"}],"collection":[{"href":"https:\/\/manueldelia.com\/mt\/wp-json\/wp\/v2\/posts\/"}],"about":[{"href":"https:\/\/manueldelia.com\/mt\/wp-json\/wp\/v2\/types\/post\/"}],"author":[{"embeddable":true,"href":"https:\/\/manueldelia.com\/mt\/wp-json\/wp\/v2\/users\/1\/"}],"replies":[{"embeddable":true,"href":"https:\/\/manueldelia.com\/mt\/wp-json\/wp\/v2\/comments\/?post=89389"}],"version-history":[{"count":3,"href":"https:\/\/manueldelia.com\/mt\/wp-json\/wp\/v2\/posts\/89389\/revisions\/"}],"predecessor-version":[{"id":89397,"href":"https:\/\/manueldelia.com\/mt\/wp-json\/wp\/v2\/posts\/89389\/revisions\/89397\/"}],"wp:featuredmedia":[{"embeddable":true,"href":"https:\/\/manueldelia.com\/mt\/wp-json\/wp\/v2\/media\/89375\/"}],"wp:attachment":[{"href":"https:\/\/manueldelia.com\/mt\/wp-json\/wp\/v2\/media\/?parent=89389"}],"wp:term":[{"taxonomy":"category","embeddable":true,"href":"https:\/\/manueldelia.com\/mt\/wp-json\/wp\/v2\/categories\/?post=89389"},{"taxonomy":"post_tag","embeddable":true,"href":"https:\/\/manueldelia.com\/mt\/wp-json\/wp\/v2\/tags\/?post=89389"}],"curies":[{"name":"wp","href":"https:\/\/api.w.org\/{rel}","templated":true}]}}