{"id":89622,"date":"2020-04-24T08:42:02","date_gmt":"2020-04-24T06:42:02","guid":{"rendered":"https:\/\/manueldelia.com\/?p=89622"},"modified":"2020-04-24T17:31:19","modified_gmt":"2020-04-24T15:31:19","slug":"provi-dwar-kolluzjoni-maltija-ma-libjani-li-jittorturaw-lill-immigranti-jistghu-iwasslu-ghal-responsabbilta-kriminali-ghal-reati-kontra-l-umanita-espert-dwar-il-ligijiet","status":"publish","type":"post","link":"https:\/\/manueldelia.com\/mt\/2020\/04\/provi-dwar-kolluzjoni-maltija-ma-libjani-li-jittorturaw-lill-immigranti-jistghu-iwasslu-ghal-responsabbilta-kriminali-ghal-reati-kontra-l-umanita-espert-dwar-il-ligijiet\/","title":{"rendered":"\u2018Provi dwar kollu\u017cjoni Maltija ma&#8217; Libjani li jittorturaw lill-immigranti jistg\u0127u iwasslu g\u0127al responsabbilt\u00e0 kriminali g\u0127al reati kontra l-umanit\u00e0\u2019 \u2013 espert dwar il-li\u0121ijiet internazzjonali"},"content":{"rendered":"<p><a href=\"https:\/\/www.avvenire.it\/attualita\/pagine\/malta-svelato-il-nome-del-barcone-fantasma-e-frontex-accusa-gli-stati-li-abbiamo-informati-ma-soccorsi-spettano-a-loro\" target=\"_blank\" rel=\"noopener noreferrer\">Hu u ji\u0121i intervistat mill-\u0121urnal Kattoliku Taljan <em>L\u2019Avvenire<\/em><\/a>, kelliem g\u0127all-a\u0121enzija tal-Unjoni Ewropea <em>Frontex<\/em> g\u0127adda informazzjoni li turi li s-servizzi tas-salvata\u0121\u0121 tal-Italja, ta&#8217; Malta u tal-Libja kienu ng\u0127ataw l-informazzjoni kollha li kienu je\u0127tie\u0121u sabiex ikunu jistg\u0127u jsalvaw lill-immigranti li kienu riekbin fuq <em>dinghy<\/em> li minnhom 5 g\u0127erqu u 7 o\u0127ra \u0127add ma jaf x&#8217;sar minnhom.<\/p>\n<p>Dawk li baqg\u0127u \u0127ajjin in\u0121abru ftit qabel tlug\u0127 ix-xemx nhar l-Erbg\u0127a 15 ta&#8217; April. I\u017cda mill-\u0126amis ta&#8217; qabel, il-pajji\u017ci kollha tal-Mediterran \u010bentrali injoraw l-appelli kollha li saru mill-NGOs kompri\u017ci l-appelli li saru mill-<em>Alarm Phone<\/em>.<\/p>\n<p>Bis-sa\u0127\u0127a tar-rapporti li saru minn Nello Scavo, il-<em>Frontex<\/em> ikkonfermat ukoll li minn jiem qabel kienet \u0127adet \u0127sieb li tav\u017ca lill-pajji\u017ci kollha li setg\u0127u salvaw lill-immigranti dwar id-dettalji tal-post e\u017catt fejn kienu fil-ba\u0127ar:<\/p>\n<p>\u201c<em>Waqt titjiriet ta&#8217; rutina fi tmiem il-\u0121img\u0127a tal-G\u0127id, ajruplani tal-Frontex lem\u0127u dg\u0127ajjes li kienu fil-periklu li jeg\u0127rqu. U kif huwa me\u0127tie\u0121 skont il-li\u0121ijiet internazzjonali, din l-informazzjoni g\u0127addejniha lill-awtoritajiet tas-salvata\u0121\u0121 tal-in\u0127awi\u201d. <\/em>Dan il-ifisser li tal-<em>Frontex<\/em> infurmaw lill-awtoritajiet tal-Italja, ta&#8217; Malta u tal-Libja. Tal-<em>Frontex<\/em> komplew ig\u0127idu li<em> \u201cl-li\u0121ijiet internazzjonali je\u0127tie\u0121u li dawn il-pajji\u017ci &#8211; u mhux tal-Frontex &#8211; g\u0127andhom jikkordinaw fil-missjonijiet ta&#8217; salvata\u0121\u0121 tag\u0127hom&#8221;.\u00a0<\/em><\/p>\n<p>Ta&#8217; min isemmi li wara nhar it-Tnejn filg\u0127axija, g\u0127alkemm l-awtoritajiet Maltin \u0127adu f&#8217;idejhom l-operazzjoni ta&#8217; salvata\u0121\u0121, dawn baqg\u0127u m&#8217;g\u0127amlu xejn sakemm tqabbdu l-vapuri privati l-Erbg\u0127a filg\u0127odu. Sa l-Erbg\u0127a kien di\u0121\u00e0 tard wisq g\u0127al 12 il-ru\u0127.<\/p>\n<p>Dak li allegaw tal-<em>Frontex<\/em> fis-sens lli fi tmiem il-\u0121img\u0127a tal-G\u0127id kienu lem\u0127u <em>dinghy<\/em> b&#8217;immigranti riekbin fuqu &#8211; li minnhom g\u0127erqu 12 &#8211; jinsab konfermat minn din l-anali\u017ci tal-mog\u0127dija tat-titjiriet tal-ajruplani tal-<em>Frontex<\/em> li saret mill-\u0121urnalist tal-<em>Mediterraneo Cronaca<\/em> Mauro Seminara.<\/p>\n<p><img class=\"aligncenter size-full wp-image-89607\" src=\"https:\/\/manueldelia.com\/wp-content\/uploads\/2020\/04\/Foto-11.jpg\" alt=\"\" width=\"677\" height=\"515\" srcset=\"https:\/\/manueldelia.com\/wp-content\/uploads\/2020\/04\/Foto-11-200x152.jpg 200w, https:\/\/manueldelia.com\/wp-content\/uploads\/2020\/04\/Foto-11-300x228.jpg 300w, https:\/\/manueldelia.com\/wp-content\/uploads\/2020\/04\/Foto-11-400x304.jpg 400w, https:\/\/manueldelia.com\/wp-content\/uploads\/2020\/04\/Foto-11-600x456.jpg 600w, https:\/\/manueldelia.com\/wp-content\/uploads\/2020\/04\/Foto-11.jpg 677w\" sizes=\"(max-width: 677px) 100vw, 677px\" \/><\/p>\n<p><em>Il-biera\u0127 L\u2019Avvenire<\/em> kitbet li din l-informazzjoni g\u0127andha tkun ta&#8217; rilevanza kbira g\u0127all-inkjesta dwar l-im\u0121ieba tal-prim ministru Robert Abela. Dawn il-provi jikkonfermaw li l-operazzjoni ta&#8217; salvata\u0121\u0121 setg\u0127et inbdiet \u0121ranet s\u0127a\u0127 qabel u setg\u0127u ji\u0121u salvata \u0127ajjet dawk li g\u0127erqu.<\/p>\n<p>Il-\u0121urnal Kattoliku ikompli jg\u0127id li esperti legali qed janalizzaw din l-informazzjoni li tista&#8217; ti\u0121i mg\u0127oddija lill-qrati internazzjonali.<\/p>\n<p>Il-\u0121urnal tkellem ma&#8217; Giulia Tranchina, espert dwar l-a\u017cil u drittijiet tal-immigranti li ta\u0127dem mad-ditta Wilson Solicitors ta&#8217; Londra, li fakkret li <em>\u201cl-Qorti Ewropea tad-Drittijiet tal-Bniedem kienet di\u0121\u00e0 kkundannat lill-Italja u lil Malta talli dawn kriminalment u illegalment re\u0121\u0121g\u0127u lura immigranti lejn il-Libja. I\u017cda issa g\u0127andna provi ta&#8217; kollu\u017cjoni u kompli\u010bit\u00e0 mat-traffikanti Libjani u ma&#8217; dawk li jittorturaw lill-immigranti. Dan jista&#8217; jammonta g\u0127al a\u0121ir kriminali kontra l-umanit\u00e0 u d-dinjit\u00e0 tal-bniedem\u201d.<\/em><\/p>\n","protected":false},"excerpt":{"rendered":"<p>Hu u ji\u0121i intervistat mill-\u0121urnal Kattoliku Taljan L\u2019Avvenire, kelliem g\u0127all-a\u0121enzija tal-Unjoni Ewropea Frontex g\u0127adda informazzjoni li turi li s-servizzi tas-salvata\u0121\u0121 tal-Italja, ta&#8217; Malta u tal-Libja kienu ng\u0127ataw l-informazzjoni kollha li kienu je\u0127tie\u0121u sabiex ikunu jistg\u0127u jsalvaw lill-immigranti li kienu riekbin fuq dinghy li minnhom 5 g\u0127erqu u 7 o\u0127ra \u0127add ma jaf x&#8217;sar minnhom. Dawk [&hellip;]<\/p>\n","protected":false},"author":1,"featured_media":89608,"comment_status":"open","ping_status":"open","sticky":false,"template":"","format":"standard","meta":[],"categories":[54],"tags":[],"_links":{"self":[{"href":"https:\/\/manueldelia.com\/mt\/wp-json\/wp\/v2\/posts\/89622\/"}],"collection":[{"href":"https:\/\/manueldelia.com\/mt\/wp-json\/wp\/v2\/posts\/"}],"about":[{"href":"https:\/\/manueldelia.com\/mt\/wp-json\/wp\/v2\/types\/post\/"}],"author":[{"embeddable":true,"href":"https:\/\/manueldelia.com\/mt\/wp-json\/wp\/v2\/users\/1\/"}],"replies":[{"embeddable":true,"href":"https:\/\/manueldelia.com\/mt\/wp-json\/wp\/v2\/comments\/?post=89622"}],"version-history":[{"count":1,"href":"https:\/\/manueldelia.com\/mt\/wp-json\/wp\/v2\/posts\/89622\/revisions\/"}],"predecessor-version":[{"id":89623,"href":"https:\/\/manueldelia.com\/mt\/wp-json\/wp\/v2\/posts\/89622\/revisions\/89623\/"}],"wp:featuredmedia":[{"embeddable":true,"href":"https:\/\/manueldelia.com\/mt\/wp-json\/wp\/v2\/media\/89608\/"}],"wp:attachment":[{"href":"https:\/\/manueldelia.com\/mt\/wp-json\/wp\/v2\/media\/?parent=89622"}],"wp:term":[{"taxonomy":"category","embeddable":true,"href":"https:\/\/manueldelia.com\/mt\/wp-json\/wp\/v2\/categories\/?post=89622"},{"taxonomy":"post_tag","embeddable":true,"href":"https:\/\/manueldelia.com\/mt\/wp-json\/wp\/v2\/tags\/?post=89622"}],"curies":[{"name":"wp","href":"https:\/\/api.w.org\/{rel}","templated":true}]}}