{"id":89930,"date":"2020-05-05T11:59:45","date_gmt":"2020-05-05T09:59:45","guid":{"rendered":"https:\/\/manueldelia.com\/?p=89930"},"modified":"2020-05-05T19:44:58","modified_gmt":"2020-05-05T17:44:58","slug":"qatt-tistaqsi-ghal-lil-min-taf","status":"publish","type":"post","link":"https:\/\/manueldelia.com\/mt\/2020\/05\/qatt-tistaqsi-ghal-lil-min-taf\/","title":{"rendered":"Qatt tistaqsi g\u0127al lil min taf"},"content":{"rendered":"<p><img class=\"aligncenter size-large wp-image-89917\" src=\"https:\/\/manueldelia.com\/wp-content\/uploads\/2020\/05\/WhatsApp-Image-2019-12-08-at-10.31.52-1-1024x683.jpg\" alt=\"\" width=\"1024\" height=\"683\" srcset=\"https:\/\/manueldelia.com\/wp-content\/uploads\/2020\/05\/WhatsApp-Image-2019-12-08-at-10.31.52-1-200x133.jpg 200w, https:\/\/manueldelia.com\/wp-content\/uploads\/2020\/05\/WhatsApp-Image-2019-12-08-at-10.31.52-1-300x200.jpg 300w, https:\/\/manueldelia.com\/wp-content\/uploads\/2020\/05\/WhatsApp-Image-2019-12-08-at-10.31.52-1-400x267.jpg 400w, https:\/\/manueldelia.com\/wp-content\/uploads\/2020\/05\/WhatsApp-Image-2019-12-08-at-10.31.52-1-600x400.jpg 600w, https:\/\/manueldelia.com\/wp-content\/uploads\/2020\/05\/WhatsApp-Image-2019-12-08-at-10.31.52-1-768x512.jpg 768w, https:\/\/manueldelia.com\/wp-content\/uploads\/2020\/05\/WhatsApp-Image-2019-12-08-at-10.31.52-1-800x533.jpg 800w, https:\/\/manueldelia.com\/wp-content\/uploads\/2020\/05\/WhatsApp-Image-2019-12-08-at-10.31.52-1.jpg 1024w, https:\/\/manueldelia.com\/wp-content\/uploads\/2020\/05\/WhatsApp-Image-2019-12-08-at-10.31.52-1-1200x800.jpg 1200w, https:\/\/manueldelia.com\/wp-content\/uploads\/2020\/05\/WhatsApp-Image-2019-12-08-at-10.31.52-1-1536x1024.jpg 1536w\" sizes=\"(max-width: 1024px) 100vw, 1024px\" \/><\/p>\n<p>L-EWWEL: il-gvern ta&#8217; Joseph Muscat kien jiddiletta jikser il-li\u0121i permezz tal-u\u017cu tal-istess li\u0121i. Ta&#8217; sikwit kien jara kif ikun jista&#8217; jg\u0127affe\u0121 fuq l-ispirtu tal-li\u0121i u fuq il-vera intenzjoni wara t-tfassil tag\u0127ha.<\/p>\n<p>Kienu jg\u0127idulna li, bi kliemhom, Jason Micallef u Tony Zarb kienu qed je\u017cer\u010bitaw id-dritt li jg\u0127idu tag\u0127hom b&#8217;mod \u0127ieles, huma u jabbu\u017caw is-setg\u0127a pubblika li g\u0127andhom biex jintimidaw u biex iqanqlu l-mibg\u0127eda. Kienu jg\u0127idulna li Konrad Mizzi kien \u0127allas dejnu mal-\u0121ustizzja meta kien \u0127allas multa wara li nqabad b&#8217;kumpannija sigrieta fil-Panama. Kienu jg\u0127idulna li Owen Bonnici, hu u ji\u010b\u010bensura lil min ried jipprotesta, kien fid-dmir li j\u017comm l-indafa fil-Belt Valletta. Kienu jg\u0127idulna li Keith Schembri, hu u jda\u0127\u0127al f&#8217;butu flus \u0121ejjin mit-tix\u0127im fil-<em>Pilatus Bank<\/em>, kien qed jit\u0127allas lura self li kien g\u0127amel. Kienu jg\u0127idulna li Yorgen Fenech kien reba\u0127 il-kuntratt tal-<em>Electrogas<\/em> b&#8217;\u0121ustizzja, meta dan kien qed ifassal pjan biex jelimina lill-\u0121urnalista li kixfet il-\u0127mie\u0121 marbut ma&#8217; dan il-kuntratt.<\/p>\n<p>Issa qed jg\u0127idulna li l-vapur li re\u0121\u0121a&#8217; lill-immigranti lura lejn il-Libja jba\u0127\u0127ar ta\u0127t il-bandiera tal-Libja u g\u0127aldaqstant kien qed iba\u0127\u0127ar lura lejn il-port ta&#8217; pajji\u017cu. Dan qaluh waqt li kienu qed jiftehmu ma&#8217; dawk li jittorturaw lill-immigranti biex jer\u0121g\u0127u jix\u0127tuhom fil-\u0127absijiet tag\u0127hom. Qed ig\u0127idulna li lil Neville Gaf\u00e0 qabbduh biex imexxilhom il-kelma mal-kuntatti li dan g\u0127andu fil-Libja. U dan qaluh fl-istess \u0127in li lil Gaf\u00e0 qabbduh biex iwettaq reat kriminali kontra l-umanit\u00e0. Qed ig\u0127idulna li l-gvern g\u0127andu ju\u017ca r-ri\u017corsi kolla li je\u017cistu biex isalva l-immigranti mill-g\u0127arqa. I\u017cda dawn huma l-istess nies li l-lane\u010b tal-armata, li huma armati apposta g\u0127al xog\u0127ol ta&#8217; salvata\u0121\u0121,\u00a0 \u017cammewhom kollha ankrati fil-port.<\/p>\n<p>IT-TIENI: huma u jigdbu, j\u0127obbu jitbissmu. Joseph Muscat hekk kien jag\u0127mel ta&#8217; spiss.<\/p>\n<p>Lil Konrad Mizzi g\u0127attielu meta kien stqarr li dan kellu l-\u0127sieb li jiddikjara li huwa sid ta&#8217; kumpannija fil-Panama fid-dikjarazzjoni parlamentari li kien imiss. Gideb dwar ir-rabtiet li g\u0127andu ma&#8217; Ilham Aliyev. Gideb dwar ir-rabtiet li g\u0127andu ma&#8217; Ali Sadr Hashemi Nejad. Gideb dwar il-kontenut tar-rapport tal-inkjesta tal-ma\u0121istrat dwar il-kumpannija Egrant. Gideb dwar ix-xog\u0127ol li kien jag\u0127mel Neville Gaf\u00e0. Gideb dwar dak li qal li kien jaf dwar l-investigazzjoni dwar il-qtil ta&#8217; Daphne Caruana Galizia u re\u0121a&#8217; gideb meta qal x&#8217;kien g\u0127amel dwar din l-investigazzjoni. Lil Keith Schembri g\u0127attielu lejliet l-arrest tieg\u0127u. U nistg\u0127u nibqg\u0127u g\u0127addejjin b&#8217;lista ma tispi\u010b\u010ba qatt.<\/p>\n<p>Robert Abela gideb meta qal li l-vapur Mae Yemanja kien \u0121abar lill-immigranti b&#8217;\u010bikka wara tmiem il-\u0121img\u0127a tal-G\u0127id. Gideb g\u0127aliex dan ma kien xejn \u0127lief\u00a0 pjan ma\u0127sub li jammonta g\u0127al ksur tal-li\u0121ijiet internazzjonali u forsi wkoll tal-li\u0121ijiet kriminali.<\/p>\n<p>Ag\u0127tu daqqa t&#8217;g\u0127ajn lejn dan il-messa\u0121\u0121 permezz tat-<em>Twitter<\/em> mill-\u0121urnalist tan-<em>New York Times<\/em> Patrick Kingsley b&#8217;reazzjoni g\u0127all-gideb sfa\u010b\u010bat tal-biera\u0127 ta&#8217; Robert Abela.<\/p>\n<blockquote class=\"twitter-tweet\">\n<p dir=\"ltr\" lang=\"en\">Illum il-PM ta&#8217; Malta <a href=\"https:\/\/twitter.com\/RobertAbela_MT?ref_src=twsrc%5Etfw\">@robertabela_MT<\/a> stqarr li l-\u0121bir ta&#8217; 50 immigranti li se\u0127\u0127 ix-xahar li g\u0127adda \u2014&amp; t-tre\u0121\u0121ija lura tag\u0127hom lejn il-Libja\u2014se\u0127\u0127 b&#8217;\u010bikka, u dan grazzi tal-vapur &#8220;Libjan&#8221; li nzerta kien g\u0127addej mill-in\u0127awi.<\/p>\n<p>Dan m&#8217;huwiex minnu<\/p>\n<p>A\u0127an konna svelajna li l-operazzjoni kienet wa\u0127da ppjanata permezz ta&#8217; tliet lane\u010b mibg\u0127utin minn Malta <a href=\"https:\/\/t.co\/slutjBNezU\">https:\/\/t.co\/slutjBNezU<\/a><\/p>\n<p>\u2014 Patrick Kingsley (@PatrickKingsley) <a href=\"https:\/\/twitter.com\/PatrickKingsley\/status\/1257262412920741890?ref_src=twsrc%5Etfw\">May 4, 2020<\/a><\/p><\/blockquote>\n<p><script async src=\"https:\/\/platform.twitter.com\/widgets.js\" charset=\"utf-8\"><\/script><\/p>\n<p>IT-TIELET: gidba li ti\u0121i ripetuta ta&#8217; sikwit, taf titwemmen jew, g\u0127allinqas, taf isservi ta&#8217; alternattiva g\u0127ar-realt\u00e0 tal-fatti. Dan l-iskop jaf jintla\u0127aq mhux meta ji\u0121u ndirizzati l-fatti, i\u017cda meta ji\u0121u skreditati dawk li jikxfu l-qerq. Joseph Muscat dawn il-lezzjonijiet kien tg\u0127allimhom meta kien g\u0127adu jerfa&#8217; l-kuda ta&#8217; Alfred Sant. I\u017cda din it-tattika ta&#8217; i\u017colament sistematiku u ta&#8217; demonizzazzjoni spi\u010b\u010ba biex baxxieha g\u0127al livelli li qatt ma rajna b\u0127alhom.<\/p>\n<p>M&#8217;g\u0127andniex xi ng\u0127idu, l-vittma ewlenija ta&#8217; dan kollu kienet Daphne Caruana Galizia. G\u0127alihom dak li kienet tikteb kien irrilevanti. Kienet l-identit\u00e0 ta&#8217; min kiteb jew qal id-diskors li kien ig\u0127odd. Xlewha b&#8217;kull ma setg\u0127u jivvintaw: l-aktar xilja ovvja kienet li hi a\u0121ent tal-PN, i\u017cda ma&#8217; dan nistg\u0127u wkoll in\u017cidu nsinwazzjonijiet o\u0127rajn. Li kienet qed ta\u0127dem b&#8217;ri\u017cq \u010borma persuni b&#8217;imne\u0127irhom imxammar tal-klassi medja minn Tas-Sliema. Li kienet inda\u0127let fejn ma jesag\u0127\u0127hiex fid-dinja tal-ir\u0121iel. Li kienet sa\u0127\u0127ara.<\/p>\n<p>G\u0127aliex huwa minn ewl id-dinja li mara li g\u0127amlet kampanja s\u0127i\u0127a kontra s-serq u l-korruzzjoni tal-gvern u favur il-governanza tajba u d-drittijet tal-bniedem, ma setg\u0127et qatt tinjora d-diskriminazzjoni kontra l-immigranti u d-detenzjoni illegali tag\u0127hom.<\/p>\n<p>Minkejja l-pre\u0121udizzji li kien hemm kontra tag\u0127ha, minkejja l-isfond so\u010bjali tag\u0127ha u minkejja l-allegat snobbi\u017cmu tag\u0127ha, l-kitba ta&#8217; Daphne Caruana Galizia u l-\u0121urnali\u017cmu tag\u0127ha kienu fuq kollox kampanja favur id-di\u010benza, l-\u0127niena u l-\u0121ustizzja. U l-immigranti kienu ilhom isofru l-in\u0121ustizzji li g\u0127o\u0121obna ng\u0127abbu fuq dahrhom.<\/p>\n<p>Din kienet ir-ra\u0121uni li hi stess kellha tg\u0127atti kliem iebes li kien in\u017cebag\u0127 fuq \u0127ajt fil-Bidnija. Dan ma kienx xi kliem bi kritika kontra l-g\u0127a\u017cliet politi\u010bi tag\u0127ha. Kienu ag\u0127ar minn hekk. Kienu kliem ta&#8217; kundanna fil-konfront tag\u0127ha g\u0127aliex kienet a\u017c\u017cardat li tikteb kliem ta&#8217; appo\u0121\u0121 g\u0127all-immigranti Afrikani.<\/p>\n<p>Robert Abela qed jimxi fuq il-passi tal-mexxej ta&#8217; qablu u min anki ja\u017c\u017carda li jiddefendi lill-immigranti u jappella biex dawn ma jit\u0127allewx jeg\u0127rqu, qed ji\u0121i ttimbrat b\u0127ala traditur li jkun jist\u0127oqqlu li ji\u0121i mg\u0127ajjar, mhedded u kundannat.<\/p>\n<p>Dan kollu g\u0127addejna minnu fl-img\u0127oddi u l-istorja qed tirrepeti ru\u0127\u0127a.<\/p>\n<p>I\u017cda g\u0127andhom ikunu jafu li m&#8217;g\u0127andna ebda intenzjoni li nwaqqfu r-re\u017cistenza tag\u0127na.<\/p>\n","protected":false},"excerpt":{"rendered":"<p>L-EWWEL: il-gvern ta&#8217; Joseph Muscat kien jiddiletta jikser il-li\u0121i permezz tal-u\u017cu tal-istess li\u0121i. Ta&#8217; sikwit kien jara kif ikun jista&#8217; jg\u0127affe\u0121 fuq l-ispirtu tal-li\u0121i u fuq il-vera intenzjoni wara t-tfassil tag\u0127ha. Kienu jg\u0127idulna li, bi kliemhom, Jason Micallef u Tony Zarb kienu qed je\u017cer\u010bitaw id-dritt li jg\u0127idu tag\u0127hom b&#8217;mod \u0127ieles, huma u jabbu\u017caw is-setg\u0127a pubblika [&hellip;]<\/p>\n","protected":false},"author":1,"featured_media":89918,"comment_status":"open","ping_status":"open","sticky":false,"template":"","format":"standard","meta":[],"categories":[54],"tags":[],"_links":{"self":[{"href":"https:\/\/manueldelia.com\/mt\/wp-json\/wp\/v2\/posts\/89930\/"}],"collection":[{"href":"https:\/\/manueldelia.com\/mt\/wp-json\/wp\/v2\/posts\/"}],"about":[{"href":"https:\/\/manueldelia.com\/mt\/wp-json\/wp\/v2\/types\/post\/"}],"author":[{"embeddable":true,"href":"https:\/\/manueldelia.com\/mt\/wp-json\/wp\/v2\/users\/1\/"}],"replies":[{"embeddable":true,"href":"https:\/\/manueldelia.com\/mt\/wp-json\/wp\/v2\/comments\/?post=89930"}],"version-history":[{"count":5,"href":"https:\/\/manueldelia.com\/mt\/wp-json\/wp\/v2\/posts\/89930\/revisions\/"}],"predecessor-version":[{"id":89945,"href":"https:\/\/manueldelia.com\/mt\/wp-json\/wp\/v2\/posts\/89930\/revisions\/89945\/"}],"wp:featuredmedia":[{"embeddable":true,"href":"https:\/\/manueldelia.com\/mt\/wp-json\/wp\/v2\/media\/89918\/"}],"wp:attachment":[{"href":"https:\/\/manueldelia.com\/mt\/wp-json\/wp\/v2\/media\/?parent=89930"}],"wp:term":[{"taxonomy":"category","embeddable":true,"href":"https:\/\/manueldelia.com\/mt\/wp-json\/wp\/v2\/categories\/?post=89930"},{"taxonomy":"post_tag","embeddable":true,"href":"https:\/\/manueldelia.com\/mt\/wp-json\/wp\/v2\/tags\/?post=89930"}],"curies":[{"name":"wp","href":"https:\/\/api.w.org\/{rel}","templated":true}]}}