{"id":90084,"date":"2020-05-11T09:39:00","date_gmt":"2020-05-11T07:39:00","guid":{"rendered":"https:\/\/manueldelia.com\/?p=90084"},"modified":"2020-05-11T19:03:12","modified_gmt":"2020-05-11T17:03:12","slug":"il-labra-tad-diska-mgengla-issa-wehliltilhom-fuq-il-kelma-insensittivita","status":"publish","type":"post","link":"https:\/\/manueldelia.com\/mt\/2020\/05\/il-labra-tad-diska-mgengla-issa-wehliltilhom-fuq-il-kelma-insensittivita\/","title":{"rendered":"Il-labra tad-diska m\u0121en\u0121la issa we\u0127litilhom fuq il-kelma &#8220;insensittivit\u00e0&#8221;"},"content":{"rendered":"<p><img class=\"size-full wp-image-90051 aligncenter\" src=\"https:\/\/manueldelia.com\/wp-content\/uploads\/2020\/05\/evarist-bartolo-13-4-20-1024x635-1.jpg\" alt=\"\" width=\"1024\" height=\"635\" srcset=\"https:\/\/manueldelia.com\/wp-content\/uploads\/2020\/05\/evarist-bartolo-13-4-20-1024x635-1-200x124.jpg 200w, https:\/\/manueldelia.com\/wp-content\/uploads\/2020\/05\/evarist-bartolo-13-4-20-1024x635-1-300x186.jpg 300w, https:\/\/manueldelia.com\/wp-content\/uploads\/2020\/05\/evarist-bartolo-13-4-20-1024x635-1-400x248.jpg 400w, https:\/\/manueldelia.com\/wp-content\/uploads\/2020\/05\/evarist-bartolo-13-4-20-1024x635-1-600x372.jpg 600w, https:\/\/manueldelia.com\/wp-content\/uploads\/2020\/05\/evarist-bartolo-13-4-20-1024x635-1-768x476.jpg 768w, https:\/\/manueldelia.com\/wp-content\/uploads\/2020\/05\/evarist-bartolo-13-4-20-1024x635-1-800x496.jpg 800w, https:\/\/manueldelia.com\/wp-content\/uploads\/2020\/05\/evarist-bartolo-13-4-20-1024x635-1.jpg 1024w\" sizes=\"(max-width: 1024px) 100vw, 1024px\" \/><\/p>\n<p>Kull meta Joseph Muscat kien jag\u0127mel xi tg\u0127affi\u0121a minn tieg\u0127u, tiftakru kemm kienu jinsistu li huma &#8220;sereni&#8221; u &#8220;trankwilli&#8221;? Ilkoll niftakru kemm qalet li kienet tinsab &#8220;serena&#8221; u &#8220;trankwilla&#8221; Michelle Muscat meta tfa\u010b\u010bat l-allegazzjoni li mal-miljun dollaru kienu \u0121ew mg\u0127oddija mid-dittatur tal-A\u017cerbaj\u0121an lil \u017cew\u0121ha permezz ta&#8217; kont bankarju miftu\u0127 f&#8217;isimha. Chris Cardona kien ukoll stqarr li kien jinsab seren u trankwill wara li kien \u0121ie rappurtat li attenda burdell waqt li kien xog\u0127ol. Hekk ukoll kien stqarr Konrad Mizzi meta kien issielet biex isalva l-\u0127ajja politika tieg\u0127u u spi\u010b\u010ba biex fallielu. Keith Schembri qatt ma tniffes f&#8217;dan is-sens, i\u017cda x&#8217;aktarx li lill-Pulizija kien qalilhom li kellu fuqu attakk ta&#8217; serenit\u00e0.<\/p>\n<p>Issa jidher li mis-serenit\u00e0 u mit-trankwillit\u00e0 g\u0127addew g\u0127all-insensittivit\u00e0. B\u0127al fi\u017c-\u017cmien meta kienu jg\u0127idu li huma sereni u trankwilli, issa we\u0127let f&#8217;ilsienhom il-kelma &#8220;insensittivit\u00e0&#8221; u dan biex jippruvaw inaqqsu kemm jistg\u0127u mill-konsegwenzi tal-verit\u00e0 o\u0121\u0121ettiva u biex ming\u0127alihom ig\u0127attu r-realt\u00e0. Fi kliem aktar sempli\u010bi, qed jigdbu biex ig\u0127attu xturhom.<\/p>\n<p>Nie\u0127du l-e\u017cempji pjuttost e\u017ca\u0121erati li \u0121ejjin.<\/p>\n<p>Jien u nsuq il-karrozza, narak taqsam it-triq. Nag\u0127fas il-gass, intajjrek u nferik g\u0127all-mewt. Meta l-pulizija ji\u0121bruni u jinterrogawni, ng\u0127idilhom li ninsab seren u trankwill u li m&#8217;g\u0127amilt xejn \u0127a\u017cin. Bir-ra\u0121un, reazzjoni b\u0127al din g\u0127andha tkun wa\u0127da offensiva fil-konfront tieg\u0127ek. I\u017cda jekk l-im\u0127allef li nidher quddiemu jistqarr li l-im\u0121ieba tieg\u0127i kienet wa\u0127da insensittiva meta g\u0127afast il-gass u tajjartek, kliem l-im\u0127allef g\u0127andu jin\u0127ass b\u0127al meta l-mel\u0127 jintraxx fuq ferita miftu\u0127a.<\/p>\n<p>Insensittiv huwa dak li jisfida ra\u0121el qsajjar biex iqum bil-wieqfa meta dan ikun di\u0121\u00e0 fuq saqajh. Min jonqos li joffri ikel ve\u0121etarjan lill-mistiednin tieg\u0127u ukoll jitqies insensittiv. Insensittiv huwa dak li lil membru tal<em>-Greenpiece<\/em> jag\u0127tih rigal mag\u0127mlul mill-\u0121ilda.<\/p>\n<p><img class=\"size-full wp-image-90053 aligncenter\" src=\"https:\/\/manueldelia.com\/wp-content\/uploads\/2020\/05\/2_96216043_10158463827595879_4533313585513758720_n.jpg\" alt=\"\" width=\"684\" height=\"1077\" srcset=\"https:\/\/manueldelia.com\/wp-content\/uploads\/2020\/05\/2_96216043_10158463827595879_4533313585513758720_n-191x300.jpg 191w, https:\/\/manueldelia.com\/wp-content\/uploads\/2020\/05\/2_96216043_10158463827595879_4533313585513758720_n-200x315.jpg 200w, https:\/\/manueldelia.com\/wp-content\/uploads\/2020\/05\/2_96216043_10158463827595879_4533313585513758720_n-400x630.jpg 400w, https:\/\/manueldelia.com\/wp-content\/uploads\/2020\/05\/2_96216043_10158463827595879_4533313585513758720_n-600x945.jpg 600w, https:\/\/manueldelia.com\/wp-content\/uploads\/2020\/05\/2_96216043_10158463827595879_4533313585513758720_n.jpg 650w\" sizes=\"(max-width: 684px) 100vw, 684px\" \/><\/p>\n<p>Meta l-Ambaxxatur Michael Zammit Tabona pparaguna lil Angela Merkel ma&#8217; Adolf Hitler ma kienx qed ikun insensittiv. F&#8217;kuntest diplomatiku, l-&#8220;insensittivit\u00e0&#8221; tintwera&#8217; minn min ikun ta&#8217; \u017caqqu f&#8217;fommu f&#8217;xenarju fejn gidba \u010bkejkna tkun tista&#8217; twassal biex \u017c\u017comm ir-relazzjonijiet bejn stati f&#8217;livell a\u010b\u010bettabbli. L-im\u0121ieba ta&#8217; persuna diplomatika titqies \u2018insensitttiva\u2019 meta dan jinsisti jixrob l-inbid f&#8217;\u010bena uffi\u010bjali fil-presenza ta&#8217; mistednin Musulmani jew meta jinsisti li g\u0127andhom joffrulu l-\u0121obon meta jkun mistieden g\u0127al pranzu mog\u0127ti mill-Ambaxxatur \u010aini\u017c.<\/p>\n<p>Meta ambaxxatur jixli lill-Kan\u010billier \u0120ermani\u017c b&#8217;delitti kriminali li kienu twettqu minn Na\u017cisti 70 sena ilu, jkun qed iperre\u010b il-pre\u0121udizzji razzjali tieg\u0127u u jkun qed jag\u0127mel l-akbar in\u0121urja u malafama possibbli. Ikun qed ifittex li joffendi u jwe\u0121\u0121a&#8217; u jista&#8217; jwassal biex kwistjoni ma jinstab tarfha qatt.<\/p>\n<p><img class=\"size-full wp-image-90055 aligncenter\" src=\"https:\/\/manueldelia.com\/wp-content\/uploads\/2020\/05\/mzt.jpg\" alt=\"\" width=\"684\" height=\"456\" srcset=\"https:\/\/manueldelia.com\/wp-content\/uploads\/2020\/05\/mzt-200x133.jpg 200w, https:\/\/manueldelia.com\/wp-content\/uploads\/2020\/05\/mzt-300x200.jpg 300w, https:\/\/manueldelia.com\/wp-content\/uploads\/2020\/05\/mzt-400x267.jpg 400w, https:\/\/manueldelia.com\/wp-content\/uploads\/2020\/05\/mzt-600x400.jpg 600w, https:\/\/manueldelia.com\/wp-content\/uploads\/2020\/05\/mzt.jpg 684w\" sizes=\"(max-width: 684px) 100vw, 684px\" \/><\/p>\n<p>Ambaxxatur li j\u0121ib ru\u0127u b&#8217;dan il-mod juri wkoll injoranza tal-prima klassi u li huwa bniedem li kien tlibbes \u017carbun li \u010bertament ma ji\u0121ie\u0127x. Juri wkoll li mhux biss ma jaf assolutament xejn dwar l-istorja i\u017cda wkoll li m&#8217;g\u0127andu ebda \u0127ila li jifhem il-\u0127tie\u0121ijiet tal-politika, tar-relazzjonijiet internazzjonali u tad-diplomazija.<\/p>\n<p>Ambaxxatur li j\u0121ib ru\u0127u b&#8217;dan il-mod ikun qed juri nkompetenza li twa\u0127\u0127ax.<\/p>\n<p>Min\u0127abba l-injoranza grassa tieg\u0127u, Michael Zammit Tabona waqqalna wi\u010b\u010bna l-art grazzi g\u0127all-im\u0121ieba stupida tieg\u0127u xxandret fl-a\u0127barijiet madwar id-dinja kollha.<\/p>\n<p><img class=\"size-full wp-image-90057 aligncenter\" src=\"https:\/\/manueldelia.com\/wp-content\/uploads\/2020\/05\/WhatsApp-Image-2020-05-11-at-09.36.35.jpeg\" alt=\"\" width=\"473\" height=\"1024\" srcset=\"https:\/\/manueldelia.com\/wp-content\/uploads\/2020\/05\/WhatsApp-Image-2020-05-11-at-09.36.35-139x300.jpeg 139w, https:\/\/manueldelia.com\/wp-content\/uploads\/2020\/05\/WhatsApp-Image-2020-05-11-at-09.36.35-200x433.jpeg 200w, https:\/\/manueldelia.com\/wp-content\/uploads\/2020\/05\/WhatsApp-Image-2020-05-11-at-09.36.35-400x866.jpeg 400w, https:\/\/manueldelia.com\/wp-content\/uploads\/2020\/05\/WhatsApp-Image-2020-05-11-at-09.36.35.jpeg 473w\" sizes=\"(max-width: 473px) 100vw, 473px\" \/><\/p>\n<p>G\u0127aliex <a href=\"https:\/\/www.bbc.com\/news\/world-europe-52609417\" target=\"_blank\" rel=\"noopener noreferrer\">l-a\u0127barijiet ewlenin tal-BBC tal-biera\u0127 filg\u0127axija<\/a> ma kienux fis-sens li Michael Zammit Tabona &#8211; g\u0127allief ewlieni tal-Partit Laburista, bniedem mag\u0127ruf g\u0127all-brikkunati fejn jid\u0127ol il-\u0127ru\u0121 ta&#8217; permessi dwar l-ippjanar, sid ta&#8217; vapuri li j\u0121orru t-turisti u gwardjan privat ta&#8217; vittmi tal-pre\u0121udizzji razzjali mi\u017cmumin illegalment &#8211; huwa mbe\u010billi tal-prima klassi. Li kieku kien hekk, kienet tkun problema li sta g\u0127alih biex isib tarfha. L-a\u0127bar ewlenija kienet li ambaxxatur Malti tkellem b&#8217;mod offensiv u nsolenti u b&#8217;aktar mod stupidu spara tiri lejn l-identit\u00e0 Ewropea u lejn ir-rikon\u010biljazzjoni u l-fraternit\u00e0 li kienu twelldu mill-\u0121did fl-Ewropa wara l-gwerra hekk kif Adolf Hitler g\u0127amel suwi\u010bidju.<\/p>\n<p>Meta sejja\u0127 l-istqarrija ta&#8217; Zammit Tabona b\u0127ala wa\u0127da &#8220;insensittiva&#8221;, l-ministru tal-affarijiet barranin i\u010b\u010bertifikaha b\u0127ala stqarrija li, g\u0127alkemm g\u0127andha mis-sewwa, ma messiex tlissnet. Il-ministru qal li dalg\u0127odu kien bi \u0127siebu jag\u0127mel apolo\u0121ija lill-ambaxxata tal-\u0120ermanja g\u0127al din l-istqarrija insensittiva, i\u017cda f&#8217;ebda mument ma ddisasso\u010bja ru\u0127u minn dak li stqarr Michael Zammit Tabona. Spe\u010bi ta&#8217;, mhux bi \u0127siebna ng\u0127idu li m&#8217;huwiex minnu li Angela Merkel, b\u0127al Adolf Hitler qabilha, bi \u0127siebha tiddomina lill-Ewropa bil-forza.<\/p>\n<p>Evarist Bartolo ma wera&#8217; ebda sog\u0127ba g\u0127al dak li stqarr Michael Zammit Tabona i\u017cda wera&#8217; dispja\u010bir g\u0127al dak li dan kien le\u0127aq stqarr. Lanqas ma wera&#8217; xi sog\u0127ba li \u017camm f&#8217;postu b\u0127ala ambaxxatur persuna li m&#8217;g\u0127andha kwalifiki diplomati\u010bi ta&#8217; xejn. Li kieku g\u0127amel dan, kien ikollu jer\u0121a&#8217; jibla&#8217; l-kliem li lissen \u0127mistax ilu u jirri\u017cenja b\u0127ala turija ta&#8217; sog\u0127ba g\u0127al dan l-in\u010bident diplomatiku mill-aktar serju.<\/p>\n<p>Dak li se\u0127\u0127 ma kien xejn \u0127lief l-ag\u0127ar insult li qatt sar minn diplomatiku Malti minn dakinhar li Jean de Valette kien spara bil-kanuni fuq Mustapha Pasha bl-irjus skarnati tal-pri\u0121unieri Torok.<\/p>\n<p>Ma tridx wisq g\u0127erf biex tinteba\u0127 il-g\u0127ala Evarist Bartolo baqa&#8217; ma warrabx. E\u017catt b\u0127alma kien se\u0127\u0127 wara l-1971, Malta qed ter\u0121a&#8217; \u017c\u017comm mad-dittaturi kontra d-demokrati\u010bi tal-Ewropa. Bl-istess mod kif kien \u0121ab ru\u0127u Dom Mintoff hekk kif \u0127a r-riedni tas-setg\u0127a xi snin wara l-indipendenza, l-gvern ta&#8217; Robert Abela jinsab mehdi jpin\u0121i lis- s\u0127ab tradizzjonali tag\u0127na l-Ewropej b\u0127ala g\u0127ajjiena, ineffettivi u dekadenti. L-istess b\u0127alma kien g\u0127amel Mintoff fis-snin 70 fil-konfront ta&#8217; Muammar Gaddafi, issa bdejna n\u0127ollu r-rabtiet tag\u0127na ma&#8217; Franza, mal-\u0120ermanja mal-Italja, ma&#8217; Spanja u l-bqija u qed nibnu alleanzi ma&#8217; dittaturi basta jkunu lesti li j\u0127allsu.<\/p>\n<p><img class=\"size-full wp-image-90059 aligncenter\" src=\"https:\/\/manueldelia.com\/wp-content\/uploads\/2020\/05\/mintoff_gaddafi_1.jpg\" alt=\"\" width=\"684\" height=\"479\" srcset=\"https:\/\/manueldelia.com\/wp-content\/uploads\/2020\/05\/mintoff_gaddafi_1-200x140.jpg 200w, https:\/\/manueldelia.com\/wp-content\/uploads\/2020\/05\/mintoff_gaddafi_1-300x210.jpg 300w, https:\/\/manueldelia.com\/wp-content\/uploads\/2020\/05\/mintoff_gaddafi_1-400x280.jpg 400w, https:\/\/manueldelia.com\/wp-content\/uploads\/2020\/05\/mintoff_gaddafi_1-600x420.jpg 600w, https:\/\/manueldelia.com\/wp-content\/uploads\/2020\/05\/mintoff_gaddafi_1.jpg 684w\" sizes=\"(max-width: 684px) 100vw, 684px\" \/><\/p>\n<p>Il-mument &#8220;Helsinki&#8221; ta&#8217; Robert Abela jidher li wasal meta \u0121ietu f&#8217;mo\u0127\u0127u l-idea li jipprova jxejjen politika Ewropea li l-g\u0127an tag\u0127ha hu li \u017c\u017comm it-tixrid ta&#8217; armi f&#8217;idejn ir-ribelli fil-Libja u li jissie\u0127eb fl-ind\u0127il tat-Turkija fil-kunflitt Libjan.<\/p>\n<p>Minn Ilham Aliyev bdejna nitbandlu fid-direzzjoni ta&#8217; Recep Tayyip Erdogan u fid-direzzjoni wkoll ta&#8217; interessi Russi. Lir-Russi qed na\u0121evolawhom bl-imminar minn na\u0127a tag\u0127na tal-pro\u0121ett Ewropew, bit-tmexxija ta&#8217; pre\u0121udizzji kontra l-Ewropa, bl-idea li jkun a\u0127jar jekk nitilqu mill-Unjoni Ewropea u bl-u\u017cu tal-veto li kienu fdawlna f&#8217;idejna biex infixklu x-xog\u0127ol tal-Ewropa b&#8217;ri\u017cq l-istabilit\u00e0 lil hinn mill-fruntieri tag\u0127ha.<\/p>\n<p>Din m&#8217;hi insensittivit\u00e0 xejn, i\u017cda hi att ta&#8217; sabuta\u0121\u0121 imsejjes fuq ostilit\u00e0 ideolo\u0121ika fil-konfront tal-g\u0127aqda Ewropea li jinqala&#8217; ferm g\u0127aliha nostal\u0121iku Sovjetiku b\u0127al Evarist Bartolo. B\u0127ala student tal-img\u0127allem tieg\u0127u Joseph Muscat, ideolo\u0121ikament Robert Abela la jaf huwiex \u0121ej u lanqas huwiex sejjer. Dan jinteressah biss li jassigura li jibqa&#8217; fis-setg\u0127a u jinsab moqdi sewwa bl-im\u0121ieba ta&#8217; Evarist Bartolo.<\/p>\n<p>Meta Angela Merkel kienet \u0121abet ru\u0127\u0127a b&#8217;mod responsabbli u kienet fet\u0127et il-bibien ta&#8217; pajji\u017cha g\u0127al miljuni ta&#8217; refu\u0121jati Sirjani li kienu qed ifittxu l-kenn mill-gwerra \u010bivili f&#8217;pajji\u017chom, ma kienitx \u0127adet de\u010bi\u017cjoni meqjusa popolari. De\u010bi\u017cjonijiet b\u0127al dawn kwa\u017ci qatt ma jattiraw i\u010b-\u010bap\u010bip isteriku li kien jattira Adolf Hitler fil-<em>meetings<\/em> tal-partit tieg\u0127u &#8211; fi \u017cmienna dan i\u010b-\u010bap\u010bip isteriku ta&#8217; sikwit insibu\u0127 f&#8217;meetings tal-Partit Laburista ta&#8217; Malta.<\/p>\n<p>Il-folla tog\u0127xa tg\u0127ajjat <em>Sieg Heil<\/em> g\u0127alenija meta ti\u0121i mxewxa minn politika ta&#8217; mibg\u0127eda u ta&#8217; kastig kollettiv. F&#8217;xenarji b\u0127al dawn, l-imma\u0121inazzjoni tan-nies tikkarga u je\u0127lu mijiet ta&#8217; eluf ta&#8217; suwed g\u0127all-imxijja tal-<em>coronavirus,<\/em> g\u0127all-imwiet fid-djar tal-anzjani, g\u0127all-kollass tal-industrija tat-turi\u017cmu u g\u0127all-kirjiet g\u0127oljin.<\/p>\n<p><img class=\"size-full wp-image-89882 aligncenter\" src=\"https:\/\/manueldelia.com\/wp-content\/uploads\/2020\/05\/749c378ab21d2dfba9df96ad4ff5ec951742c2c0-1588511253-5eaec215-630x420-1.jpg\" alt=\"\" width=\"630\" height=\"420\" srcset=\"https:\/\/manueldelia.com\/wp-content\/uploads\/2020\/05\/749c378ab21d2dfba9df96ad4ff5ec951742c2c0-1588511253-5eaec215-630x420-1-200x133.jpg 200w, https:\/\/manueldelia.com\/wp-content\/uploads\/2020\/05\/749c378ab21d2dfba9df96ad4ff5ec951742c2c0-1588511253-5eaec215-630x420-1-300x200.jpg 300w, https:\/\/manueldelia.com\/wp-content\/uploads\/2020\/05\/749c378ab21d2dfba9df96ad4ff5ec951742c2c0-1588511253-5eaec215-630x420-1-400x267.jpg 400w, https:\/\/manueldelia.com\/wp-content\/uploads\/2020\/05\/749c378ab21d2dfba9df96ad4ff5ec951742c2c0-1588511253-5eaec215-630x420-1-600x400.jpg 600w, https:\/\/manueldelia.com\/wp-content\/uploads\/2020\/05\/749c378ab21d2dfba9df96ad4ff5ec951742c2c0-1588511253-5eaec215-630x420-1.jpg 630w\" sizes=\"(max-width: 630px) 100vw, 630px\" \/><\/p>\n<p>Il-vapuri ta&#8217; Michael Zammit Tabona qed ji\u0121u w\u017cati b\u0127all-ferroviji ta&#8217; Hitler qabel il-bidu tal-Konferenza ta&#8217; Wannsee &#8211; u hawn nixtieq ni\u010b\u010bara li mhux qed nirreferi g\u0127all-qtil massi\u010b\u010b li kien wettaq Hitler.<\/p>\n<p>Qed nirreferi i\u017cda g\u0127ad-detenzjoni llegali ta&#8217; dawk li m&#8217;humiex qed igawdu mid-drittijiet li g\u0127andu \u0127addie\u0127or, li qed jin\u0121abru u jin\u017cammu &#8216;l bog\u0127od bi\u017c\u017cejjed biex jintesew u li qed ji\u010b\u010ba\u0127\u0127du minn kull kura u attenzjoni il-bog\u0127od minn g\u0127ajnejna.<\/p>\n<p>U fl-istess waqt, sid il-vapuri qed jag\u0127mel tajjeb g\u0127ax-xog\u0127ol mitluf mit-turi\u017cmu u jsarraf l-g\u0127ajnuna u l-kontribuzzjonijiet politi\u010bi li jag\u0127mel billi jda\u0127\u0127al kemxiet \u0121mielhom ming\u0127and il-gvern bil-kiri tal-vapuri tieg\u0127u.<\/p>\n<p>Anki jekk illum Michael Zammit Tabona m&#8217;huwiex i\u0127ossu trankwill u seren, lil dan se jaslu biex jixluh biss b&#8217;niskata insensittivt\u00e0.<\/p>\n","protected":false},"excerpt":{"rendered":"<p>Kull meta Joseph Muscat kien jag\u0127mel xi tg\u0127affi\u0121a minn tieg\u0127u, tiftakru kemm kienu jinsistu li huma &#8220;sereni&#8221; u &#8220;trankwilli&#8221;? Ilkoll niftakru kemm qalet li kienet tinsab &#8220;serena&#8221; u &#8220;trankwilla&#8221; Michelle Muscat meta tfa\u010b\u010bat l-allegazzjoni li mal-miljun dollaru kienu \u0121ew mg\u0127oddija mid-dittatur tal-A\u017cerbaj\u0121an lil \u017cew\u0121ha permezz ta&#8217; kont bankarju miftu\u0127 f&#8217;isimha. Chris Cardona kien ukoll stqarr [&hellip;]<\/p>\n","protected":false},"author":1,"featured_media":90052,"comment_status":"open","ping_status":"open","sticky":false,"template":"","format":"standard","meta":[],"categories":[54],"tags":[],"_links":{"self":[{"href":"https:\/\/manueldelia.com\/mt\/wp-json\/wp\/v2\/posts\/90084\/"}],"collection":[{"href":"https:\/\/manueldelia.com\/mt\/wp-json\/wp\/v2\/posts\/"}],"about":[{"href":"https:\/\/manueldelia.com\/mt\/wp-json\/wp\/v2\/types\/post\/"}],"author":[{"embeddable":true,"href":"https:\/\/manueldelia.com\/mt\/wp-json\/wp\/v2\/users\/1\/"}],"replies":[{"embeddable":true,"href":"https:\/\/manueldelia.com\/mt\/wp-json\/wp\/v2\/comments\/?post=90084"}],"version-history":[{"count":5,"href":"https:\/\/manueldelia.com\/mt\/wp-json\/wp\/v2\/posts\/90084\/revisions\/"}],"predecessor-version":[{"id":90124,"href":"https:\/\/manueldelia.com\/mt\/wp-json\/wp\/v2\/posts\/90084\/revisions\/90124\/"}],"wp:featuredmedia":[{"embeddable":true,"href":"https:\/\/manueldelia.com\/mt\/wp-json\/wp\/v2\/media\/90052\/"}],"wp:attachment":[{"href":"https:\/\/manueldelia.com\/mt\/wp-json\/wp\/v2\/media\/?parent=90084"}],"wp:term":[{"taxonomy":"category","embeddable":true,"href":"https:\/\/manueldelia.com\/mt\/wp-json\/wp\/v2\/categories\/?post=90084"},{"taxonomy":"post_tag","embeddable":true,"href":"https:\/\/manueldelia.com\/mt\/wp-json\/wp\/v2\/tags\/?post=90084"}],"curies":[{"name":"wp","href":"https:\/\/api.w.org\/{rel}","templated":true}]}}