{"id":90233,"date":"2020-05-16T07:52:06","date_gmt":"2020-05-16T05:52:06","guid":{"rendered":"https:\/\/manueldelia.com\/?p=90233"},"modified":"2020-05-16T21:48:15","modified_gmt":"2020-05-16T19:48:15","slug":"hareg-harga-ta-hmar","status":"publish","type":"post","link":"https:\/\/manueldelia.com\/mt\/2020\/05\/hareg-harga-ta-hmar\/","title":{"rendered":"\u0126are\u0121 \u0127ar\u0121a ta&#8217; \u0127mar"},"content":{"rendered":"<p><img class=\"size-full wp-image-90216 aligncenter\" src=\"https:\/\/manueldelia.com\/wp-content\/uploads\/2020\/05\/joseph-cuschieri.jpg\" alt=\"\" width=\"432\" height=\"480\" srcset=\"https:\/\/manueldelia.com\/wp-content\/uploads\/2020\/05\/joseph-cuschieri-200x222.jpg 200w, https:\/\/manueldelia.com\/wp-content\/uploads\/2020\/05\/joseph-cuschieri-270x300.jpg 270w, https:\/\/manueldelia.com\/wp-content\/uploads\/2020\/05\/joseph-cuschieri-400x444.jpg 400w, https:\/\/manueldelia.com\/wp-content\/uploads\/2020\/05\/joseph-cuschieri.jpg 432w\" sizes=\"(max-width: 432px) 100vw, 432px\" \/><\/p>\n<p><a href=\"https:\/\/timesofmalta.com\/articles\/view\/joseph-cuschieri-recalled-as-italy-ambassador.792143\" target=\"_blank\" rel=\"noopener noreferrer\">Qed jing\u0127ad li Joseph Cuschieri &#8220;ssejja\u0127 lura&#8221; lejn Malta minn Ruma.<\/a> Ma nixtieqx ninstema&#8217; pedantiku i\u017cda wie\u0127ed ma jistax jissejja\u0127 lura minn ambaxxata li g\u0127aliha jkun g\u0127adu ma \u0121iex ikkreditat.<\/p>\n<p>Stat jista&#8217; jinnomina persuna b\u0127ala ambaxxatur fil-kapitali ta&#8217; stat ie\u0127or. I\u017cda dan l-ambaxxatur je\u0127tie\u0121 li jkun a\u010b\u010bettat mill-istat li jkun intbag\u0127at fih. Din m&#8217;hix kwistjoni ta&#8217; \u2018\u0127afna djuq tan-Nazzjonalisti\u2019 i\u017cda hi konswetudni li ilha tit\u0127addem g\u0127al mijiet ta&#8217; snin. Dawn il-konswetudnijiet jinsabu fis-sisien tal-li\u0121ijiet internazzjonali.<\/p>\n<p>Huwa mistenni minn ambaxxatur nominat li ma jersaqx lejn il-pajji\u017c li fih ikun ser ji\u0121i mibg\u0127ut sakemm dan il-pajji\u017c ma jindikax formalment li a\u010b\u010betta din in-nomina. Meta ambaxxatur jinjora din il-konswetudni, ikun \u0127ati ta&#8217; insult lejn dak il-pajji\u017c u ta&#8217; ksur tar-re\u010bipro\u010bit\u00e0.<\/p>\n<p>Meta Joseph Cuschieri tfa\u010b\u010ba f&#8217;Ruma u g\u0127amel tabirru\u0127u li huwa l-ambaxxatur ta&#8217; Malta, ma kienx qed ja\u0121ixxi f&#8217;ismu proprju. F&#8217;g\u0127ajnejn l-Italja, Malta injorat il-fatt li kull darba li t-Taljani jibg\u0127atu ambaxxatur tag\u0127hom fostna, l-ewwel \u0127a\u0121a li jag\u0127mlu hi li jitolbu l-permess tal-istat Malti.<\/p>\n<p>M&#8217;g\u0127andniex xi ng\u0127idu, l-im\u0121ieba ta&#8217; Joseph Cuschieri ma tirrifletti b&#8217;ebda mod xi intenzjoni minn na\u0127a ta&#8217; Malta li toffendi lill-Italja. I\u017cda l-injoranza grassa mhix sku\u017ca.<\/p>\n<p><a href=\"https:\/\/newsbook.com.mt\/en\/ambassador-joseph-cuschieri-donates-his-march-salary-to-italys-civil-protection\/\" target=\"_blank\" rel=\"noopener noreferrer\">Ag\u0127tu daqqa t&#8217;g\u0127ajn lejn il-mod kif, f&#8217;Marzu li g\u0127adda, Joseph Cuschieri \u0127are\u0121 wa\u0127da ta&#8217; \u0127mar meta kiteb li paga ta&#8217; xahar li kellu jie\u0127u b\u0127ala ambaxxatur kien bi \u0127siebu jg\u0127addiha lid-dipartiment Taljan tal-protezzjoni \u010bivili<\/a> b&#8217;apprezzament g\u0127ax-xog\u0127ol li dawn qed iwettqu fil-\u0121lieda kontra l-imxijja <em>Covid-19<\/em>. Ftit wara, \u0121ie m\u0121ieg\u0127el i\u0127assar kitbietu minn fuq il-<em>Facebook<\/em> u stqarr li dan kien qed jag\u0127mlu kontra qalbu.<\/p>\n<p><iframe style=\"border: none; overflow: hidden;\" src=\"https:\/\/www.facebook.com\/plugins\/post.php?href=https%3A%2F%2Fwww.facebook.com%2Fjosephcuschierimalta%2Fposts%2F2649209475201287&amp;width=500\" width=\"500\" height=\"493\" frameborder=\"0\" scrolling=\"no\" data-mce-fragment=\"1\"><\/iframe><\/p>\n<p>Ag\u0127tu wkoll daqqa t&#8217;g\u0127ajn lejn il-<em>Facebook page<\/em> pre\u017centi ta&#8217; Joseph Cuschieri fejn dan isejja\u0127 lilu nnifsu b\u0127ala ambaxxatur. U kien appuntu fuq din il-pa\u0121na li xahrejn ilu, bla mist\u0127ija ta&#8217; xejn, \u0127abbrilna dwar kemm g\u0127andu qalbu f&#8217;idu bid-donazzjoni li &#8211; b\u0127ala ambaxxatur &#8211; kien ser jag\u0127mel lid-dipartiment tal-protezzjoni \u010bivili. Minn jaf kemm \u017cammew \u017caqqhom mifqug\u0127in bid-da\u0127k!<\/p>\n<p><img class=\"size-full wp-image-90220 aligncenter\" src=\"https:\/\/manueldelia.com\/wp-content\/uploads\/2020\/05\/1618107_729728460482741_4643864281294084446_o.jpg\" alt=\"\" width=\"1042\" height=\"367\" srcset=\"https:\/\/manueldelia.com\/wp-content\/uploads\/2020\/05\/1618107_729728460482741_4643864281294084446_o-200x70.jpg 200w, https:\/\/manueldelia.com\/wp-content\/uploads\/2020\/05\/1618107_729728460482741_4643864281294084446_o-300x106.jpg 300w, https:\/\/manueldelia.com\/wp-content\/uploads\/2020\/05\/1618107_729728460482741_4643864281294084446_o-400x141.jpg 400w, https:\/\/manueldelia.com\/wp-content\/uploads\/2020\/05\/1618107_729728460482741_4643864281294084446_o-600x211.jpg 600w, https:\/\/manueldelia.com\/wp-content\/uploads\/2020\/05\/1618107_729728460482741_4643864281294084446_o-768x270.jpg 768w, https:\/\/manueldelia.com\/wp-content\/uploads\/2020\/05\/1618107_729728460482741_4643864281294084446_o-800x282.jpg 800w, https:\/\/manueldelia.com\/wp-content\/uploads\/2020\/05\/1618107_729728460482741_4643864281294084446_o.jpg 1024w\" sizes=\"(max-width: 1042px) 100vw, 1042px\" \/><\/p>\n<p><img class=\"size-full wp-image-90222 aligncenter\" src=\"https:\/\/manueldelia.com\/wp-content\/uploads\/2020\/05\/10714507_677643609024560_7000900514029624421_o.jpg\" alt=\"\" width=\"960\" height=\"841\" srcset=\"https:\/\/manueldelia.com\/wp-content\/uploads\/2020\/05\/10714507_677643609024560_7000900514029624421_o-200x175.jpg 200w, https:\/\/manueldelia.com\/wp-content\/uploads\/2020\/05\/10714507_677643609024560_7000900514029624421_o-300x263.jpg 300w, https:\/\/manueldelia.com\/wp-content\/uploads\/2020\/05\/10714507_677643609024560_7000900514029624421_o-400x350.jpg 400w, https:\/\/manueldelia.com\/wp-content\/uploads\/2020\/05\/10714507_677643609024560_7000900514029624421_o-600x526.jpg 600w, https:\/\/manueldelia.com\/wp-content\/uploads\/2020\/05\/10714507_677643609024560_7000900514029624421_o-768x673.jpg 768w, https:\/\/manueldelia.com\/wp-content\/uploads\/2020\/05\/10714507_677643609024560_7000900514029624421_o-800x701.jpg 800w, https:\/\/manueldelia.com\/wp-content\/uploads\/2020\/05\/10714507_677643609024560_7000900514029624421_o.jpg 960w\" sizes=\"(max-width: 960px) 100vw, 960px\" \/><\/p>\n<p>X&#8217;aktarx kien f&#8217;dan l-istadju li t-Taljani nteb\u0127u li f&#8217;pajji\u017chom kien hemm &#8220;ambaxxatur&#8221; li \u0127add ma kien av\u017cahom bil-pre\u017cenza tieg\u0127u. U kien hawn fejn ftakart fil-mument li fih Ugo Fantozzi kien beda&#8217; jissusspetta \u0127a\u017cin fi\u017c-\u017cjarat spissi li kienet qed tag\u0127mel martu meta fid-dar tag\u0127hom kellhom \u0127ob\u017c bir-rimi.<\/p>\n<p>Qabel intbag\u0127at Ruma, Joseph Cuschieri kien ambaxxatur f&#8217;Ateni g\u0127al 6 snin. Kienu g\u0127amluh ambaxxatur b&#8217;apprezzament g\u0127all-fatt li kien \u010beda s-si\u0121\u0121u parlamentari tieg\u0127u xi snin qabel biex seta&#8217; jid\u0127ol floku Joseph Muscat. G\u0127aliex fid-dinja &#8220;Tag\u0127na Lkoll&#8221; b&#8217;dan il-mod jag\u0127\u017cluhom lill-ambaxxaturi.<\/p>\n<p>Joseph Cuschieri ma n\u0127atarx ambaxxatur g\u0127aliex \u010beda s-si\u0121\u0121u parlamentari biss. G\u0127enu wkoll biex jil\u0127aq il-fatt li ji\u0121i \u0127u Manwel Cuschieri, l-promotur ewlieni fuq is-Super 1 tal-\u0127dura u tal-mibg\u0127eda.<\/p>\n<p><img class=\"size-full wp-image-90218 aligncenter\" src=\"https:\/\/manueldelia.com\/wp-content\/uploads\/2020\/05\/hqdefault.jpg\" alt=\"\" width=\"480\" height=\"360\" srcset=\"https:\/\/manueldelia.com\/wp-content\/uploads\/2020\/05\/hqdefault-200x150.jpg 200w, https:\/\/manueldelia.com\/wp-content\/uploads\/2020\/05\/hqdefault-300x225.jpg 300w, https:\/\/manueldelia.com\/wp-content\/uploads\/2020\/05\/hqdefault-400x300.jpg 400w, https:\/\/manueldelia.com\/wp-content\/uploads\/2020\/05\/hqdefault.jpg 480w\" sizes=\"(max-width: 480px) 100vw, 480px\" \/><\/p>\n<p>X&#8217;aktarx li f&#8217;Ateni ma tantx kellu x&#8217;jag\u0127mel. I\u017cda Ruma hi storja o\u0127ra. Pajji\u017ci \u0121irien ta&#8217; spiss ikollhom x&#8217;ig\u0127idu dwar l-immigrazzjoni u dwar l-operazzjonijiet ta&#8217; salvata\u0121\u0121 fuq il-ba\u0127ar. Id-donazzjoni li g\u0127amel Joseph Cuschieri lid-dipartiment tal-protezzjoni \u010bivili ma kienx ser ikun bi\u017c\u017cejjed biex lit-Taljani jipprerwadihom ji\u017cfnu skond id-daqq ta&#8217; Malta.<\/p>\n<p>L-ambaxxatur ta&#8217; Malta f&#8217;Ruma je\u0127tie\u0121 ukoll li jie\u0127u \u0127sieb l-interessi ta&#8217; Malta fil-<em>Food and Agriculture Organisation,<\/em> a\u0121enzija tan-Nazzjonijiet Uniti li hi ba\u017cata f&#8217;dik il-belt.<\/p>\n<p>Dan ix-xog\u0127ol \u017cejjed lil Joseph Cuschieri m&#8217;g\u0127o\u0121bu xejn. Fil-fatt kien hu stess li nteba\u0127 li kien libes \u017carbun li ma kienx ji\u0121ih. I\u017cda tmorrux ta\u0127sbu li l-fatt li \u0127addie\u0127or kien di\u0121\u00e0 ntbag\u0127at floku f&#8217;Ateni kien ser i\u017commu milli jitlob li jer\u0121a&#8217; jintbag\u0127at hemm, kwa\u017ci kwa\u017ci bi dritt! Dak li kien \u0127a post Joseph Cuschieri f&#8217;Ateni spi\u010b\u010ba biex intbag\u0127at Tel Aviv u tlesta kollox biex Cuschieri jer\u0121a&#8217; jie\u0127u postu f&#8217;Ateni.<\/p>\n<p>Jidher li fil-frattemp xi \u0127add idde\u010bieda li j\u0121ib fi tmiemhom dawn il-kummiedji u Joseph Cuschieri &#8220;ssejja\u0127 lura&#8221; lejn\u00a0 Malta, jew inkella &#8211; milli jidher &#8211; li jin\u0121ieb lura Malta u jsibu mod kif isoddulu \u0127alqu.<\/p>\n<p>Dan forsi jista&#8217; g\u0127andu x&#8217;jaqsam mal-fatt li meta Joseph Cuschieri kien g\u0127adu kandidat Laburista, \u0127afna mill-voti li s-soltu kienu jmorru g\u0127and Evarist Bartolo, marru g\u0127andu. X&#8217;aktarx li Evarist Bartolo u Joseph Cuschieri qatt ma raw g\u0127ajn m&#8217;g\u0127ajn.<\/p>\n<p>Joseph Cuschieri kien telaq mill-Parlament biex iwitti t-triq g\u0127al Joseph Muscat. F&#8217;g\u0127ajnejn Joseph Muscat, Joseph Cuschieri kien abbanduna lill-kostitwenti leali tieg\u0127u li kienu jivvotaw g\u0127alih g\u0127aliex ma setg\u0127ux jivvutaw g\u0127al \u0127u\u0127 Manwel. Min jaf? Ma jmissux Joseph Cuschieri jitlob lura s-si\u0121\u0121u parlamentari li kien telaq? Joseph Muscat imissu jer\u0127i s-si\u0121\u0121u parlamentari tieg\u0127u favur Joseph Cuschieri bi tpattija g\u0127all-pja\u010bir li kien g\u0127amillu fl-2008.<\/p>\n<p>Bil-qieg\u0127da fuq is-si\u0121\u0121ijiet parlamentari ta&#8217; wara tal-gvern, tant hemm p\u010bielaq li bilkemm jafu jiktbu isimhom (issa ng\u0127aqdu mag\u0127hom ukoll Jean Claude Micallef u Ian Castaldi Paris ) li \u017c-\u017cjieda ta&#8217; pe\u010bluq ie\u0127or mhux ser tag\u0127mel daqshekk differenza. I\u017cda bit-tluq ta&#8217; Joseph Muscat mill-Parlament, jkomplu jonqsu l-kriminali mill-Kamra.<\/p>\n<p>Madankollu ma nimma\u0121inax li Evarist Bartolo ser jie\u0127u pja\u010bir jer\u0121a&#8217; jara lil Joseph Cuschieri jtellaq mieg\u0127u fid-distrett.<\/p>\n<p><strong>Post scriptum.<\/strong> F&#8217;mo\u0127\u0127 x&#8217;u\u0127ud ir-riferenza g\u0127all-allegata infedelt\u00e0 ta&#8217; mart Fantozzi m&#8217;hi \u010bara xejn. Segwu dan li \u0121ej biex ji\u0121u \u010barati l-affarijiet fuq din il-kwistjoni:<\/p>\n<div class=\"video-shortcode\"><iframe title=\"Un leggero sospetto #fantozzi\" width=\"1100\" height=\"619\" src=\"https:\/\/www.youtube.com\/embed\/ez_IRLS3h40?feature=oembed\" frameborder=\"0\" allow=\"accelerometer; autoplay; encrypted-media; gyroscope; picture-in-picture\" allowfullscreen><\/iframe><\/div>\n<p>&nbsp;<\/p>\n","protected":false},"excerpt":{"rendered":"<p>Qed jing\u0127ad li Joseph Cuschieri &#8220;ssejja\u0127 lura&#8221; lejn Malta minn Ruma. Ma nixtieqx ninstema&#8217; pedantiku i\u017cda wie\u0127ed ma jistax jissejja\u0127 lura minn ambaxxata li g\u0127aliha jkun g\u0127adu ma \u0121iex ikkreditat. Stat jista&#8217; jinnomina persuna b\u0127ala ambaxxatur fil-kapitali ta&#8217; stat ie\u0127or. I\u017cda dan l-ambaxxatur je\u0127tie\u0121 li jkun a\u010b\u010bettat mill-istat li jkun intbag\u0127at fih. Din m&#8217;hix kwistjoni [&hellip;]<\/p>\n","protected":false},"author":1,"featured_media":90217,"comment_status":"open","ping_status":"open","sticky":false,"template":"","format":"standard","meta":[],"categories":[54],"tags":[],"_links":{"self":[{"href":"https:\/\/manueldelia.com\/mt\/wp-json\/wp\/v2\/posts\/90233\/"}],"collection":[{"href":"https:\/\/manueldelia.com\/mt\/wp-json\/wp\/v2\/posts\/"}],"about":[{"href":"https:\/\/manueldelia.com\/mt\/wp-json\/wp\/v2\/types\/post\/"}],"author":[{"embeddable":true,"href":"https:\/\/manueldelia.com\/mt\/wp-json\/wp\/v2\/users\/1\/"}],"replies":[{"embeddable":true,"href":"https:\/\/manueldelia.com\/mt\/wp-json\/wp\/v2\/comments\/?post=90233"}],"version-history":[{"count":5,"href":"https:\/\/manueldelia.com\/mt\/wp-json\/wp\/v2\/posts\/90233\/revisions\/"}],"predecessor-version":[{"id":90241,"href":"https:\/\/manueldelia.com\/mt\/wp-json\/wp\/v2\/posts\/90233\/revisions\/90241\/"}],"wp:featuredmedia":[{"embeddable":true,"href":"https:\/\/manueldelia.com\/mt\/wp-json\/wp\/v2\/media\/90217\/"}],"wp:attachment":[{"href":"https:\/\/manueldelia.com\/mt\/wp-json\/wp\/v2\/media\/?parent=90233"}],"wp:term":[{"taxonomy":"category","embeddable":true,"href":"https:\/\/manueldelia.com\/mt\/wp-json\/wp\/v2\/categories\/?post=90233"},{"taxonomy":"post_tag","embeddable":true,"href":"https:\/\/manueldelia.com\/mt\/wp-json\/wp\/v2\/tags\/?post=90233"}],"curies":[{"name":"wp","href":"https:\/\/api.w.org\/{rel}","templated":true}]}}