{"id":90920,"date":"2020-06-03T13:42:16","date_gmt":"2020-06-03T11:42:16","guid":{"rendered":"https:\/\/manueldelia.com\/?p=90920"},"modified":"2020-06-03T15:40:54","modified_gmt":"2020-06-03T13:40:54","slug":"l-espert-tal-inkjesta-huwa-l-avukat-personali-tal-magistrat-u-socju-fl-ufficcju-legali-ta-hu-l-istess-magistrat","status":"publish","type":"post","link":"https:\/\/manueldelia.com\/mt\/2020\/06\/l-espert-tal-inkjesta-huwa-l-avukat-personali-tal-magistrat-u-socju-fl-ufficcju-legali-ta-hu-l-istess-magistrat\/","title":{"rendered":"L-\u201cespert\u201d tal-inkjesta huwa l-avukat personali tal-ma\u0121istrat u so\u010bju fl-uffi\u010b\u010bju legali ta&#8217; \u0127u l-istess ma\u0121istrat."},"content":{"rendered":"<p><img class=\"size-full wp-image-90915 aligncenter\" src=\"https:\/\/manueldelia.com\/wp-content\/uploads\/2020\/06\/joe-mifsud-intervista.jpg\" alt=\"\" width=\"508\" height=\"423\" srcset=\"https:\/\/manueldelia.com\/wp-content\/uploads\/2020\/06\/joe-mifsud-intervista-200x167.jpg 200w, https:\/\/manueldelia.com\/wp-content\/uploads\/2020\/06\/joe-mifsud-intervista-300x250.jpg 300w, https:\/\/manueldelia.com\/wp-content\/uploads\/2020\/06\/joe-mifsud-intervista-400x333.jpg 400w, https:\/\/manueldelia.com\/wp-content\/uploads\/2020\/06\/joe-mifsud-intervista.jpg 508w\" sizes=\"(max-width: 508px) 100vw, 508px\" \/><\/p>\n<p><a href=\"https:\/\/manueldelia.com\/2020\/06\/the-easter-massacre-inquiry-1-writing-a-book-in-a-month\/\" target=\"_blank\" rel=\"noopener noreferrer\">L-inkjesta ma\u0121isterjali dwar il-mewt fil-ba\u0127ar ta&#8217; 12 il-ru\u0127 wara li l-lan\u010ba li dawn kienu riekbin fuqha t\u0127alliet g\u0127al ri\u0127ha g\u0127al diversi jiem qabel tniediet operazzjoni ta&#8217; salvata\u0121\u0121 fl-ib\u0127ra Maltin<\/a> qed tkompli teg\u0127req fil-kontroversja.<\/p>\n<p><a href=\"https:\/\/theshiftnews.com\/2020\/06\/03\/prime-minister-given-evidence-in-inquiry-5-days-before-he-was-questioned\/\" target=\"_blank\" rel=\"noopener noreferrer\">Dalg\u0127odu <em>The Shift News<\/em> irrapporta li l-Ma\u0121istrat Joe Mifsud g\u0127adda lil Robert Abela kopja tax-xhieda kollha li kienet n\u0121abret mill-inkjesta u dan qabel huwa stess ta x-xhieda tieg\u0127u.<\/a> Mhux soltu li xhieda li jkunu xehdu f&#8217;inkjesta jing\u0127ataw informazzjoni dwar dak li jkun intqal minn xhieda o\u0127rajn li jkunu taw ix-xhieda tag\u0127hom quddiem il-Ma\u0121istrat. Fil-professjoni, din il-prattika hi mag\u0127rufa b\u0127ala \u201c<em>segreto istruttorio<\/em>\u201d li torbot bis-sigriet lil kull min ikollu x&#8217;jaqsam ma&#8217; inkjesta u dan min\u0127abba l-fatt li l-provi li jin\u0121abru jistg\u0127u imbag\u0127ad jintu\u017caw kontra persuni li jkunu mixlija bit-twettiq ta&#8217; delitti kriminali.<\/p>\n<p>Kien partikolarment stramb il-fatt li lil Robert Abela g\u0127addewlu l-informazzjoni \u0121aladarba huwa stess kien is-su\u0121\u0121ett prin\u010bipali tal-ilment li sar minn Repubblika, liema lment imbag\u0127ad wassal g\u0127at-tnedija tal-inkjesta. L-inkjesta suppost kellha tikkonkludi dwar jekk g\u0127andux jaqa&#8217; suspett fuq Robert Abela dwar it-twettiq ta&#8217; delitt kriminali. U g\u0127aldaqstant kienet g\u0127al kollox barra minn lokha l-azzjoni li permezz tag\u0127ha ing\u0127ataw fil-pussess tieg\u0127u provi mi\u0121burin li eventwalment jistg\u0127u jintu\u017caw kontrih.<\/p>\n<p>It-talba ta&#8217; Robert Abela biex jing\u0127ata l-informazzjoni ssejset fuq premessa li hu kellu d-dritt li jkun jaf x&#8217;intqal fl-inkjesta biex ikun jista&#8217; ji\u0121i garantit id-dritt ta&#8217; smieg\u0127 xieraq fil-konfront tieg\u0127u. I\u017cda inkjesta mhix \u0121uri. Ma n\u0127ar\u0121et ebda xilja kontrih. Inkredibbli kif avukat li huwa wkoll prim ministru u avukat li huwa wkoll ma\u0121istrat jistg\u0127u jiftehmu biex jg\u0127aww\u0121u dak li titlob il-li\u0121i.<\/p>\n<p>Il-fatt li l-Ma\u0121istrat Joe Mifsud a\u010b\u010betta t-talba stramba ta&#8217; Robert Abela turi li dan kien di\u0121\u00e0 wasal g\u0127ad-de\u010bi\u017cjoni li ma jsibx \u0127tija f&#8217;Robert Abela ferm qabel il-konklu\u017cjoni tal-inkjesta u anki qabel Robert Abela ta x-xhieda tieg\u0127u.<\/p>\n<p><a href=\"https:\/\/manueldelia.com\/2020\/06\/the-easter-massacre-inquiry-2-to-outsource-or-not-to-outsource\/\" target=\"_blank\" rel=\"noopener noreferrer\">Jien di\u0121\u00e0 ktibt b&#8217;mod analitiku dwar xi siltiet tal-konklu\u017cjoni tal-inkjesta.<\/a> Il-Ma\u0121istrat Joe Mifsud qabbad avukat jismu Lennox Vella biex imexxi l-\u0121bir tax-xhieda b\u0127ala parti mill-inkjesta. Ir-rapport tal-inkjesta semma&#8217; &#8220;l-opinjoni esperta&#8221; ta&#8217; Lennox Vella. Jien irrappurtajt li skont il-li\u0121i, Ma\u0121istrat ma jistax iqabbad avukat b\u0127ala espert u dan min\u0127abba n-nuqqas ta&#8217; spe\u010bjalizzazzjoni ta&#8217; Lennox Vella u anki min\u0127abba l-fatt li d-delitt kriminali li kien qed ji\u0121i investigat i\u0121orr mieg\u0127u piena ta&#8217; aktar minn 7 snin \u0127abs.<\/p>\n<p>U li kieku kollox sar skont il-li\u0121i u ma tqabbadx Lennox Vella, l-inkjesta kienet iddum g\u0127addejja aktar mir-rekord ta&#8217; 4 \u0121img\u0127at li \u0127adet biex ti\u0121i fi tmiemha.<\/p>\n<p>Lennox Vella ilu 4 snin li le\u0127aq b\u0127ala avukat u huwa so\u010bju ma&#8217; Mario Mifsud fid-ditta legali <em>Mifsud Vella Advocates.<\/em> Din id-ditta legali m&#8217;g\u0127andhiex <em>website<\/em> u l-<a href=\"https:\/\/www.facebook.com\/pg\/mvadvocates\/about\/\" target=\"_blank\" rel=\"noopener noreferrer\"><em>Facebook page<\/em> tinsab mag\u0127luqa<\/a>. <a href=\"https:\/\/www.yellow.com.mt\/mifsud-vella-advocates_law-firms+valletta\/\" target=\"_blank\" rel=\"noopener noreferrer\">Madankollu isem din id-ditta legali tista&#8217; ssibu fil-Pa\u0121ni Sofor.<\/a><\/p>\n<p>Mario Mifsud, sie\u0127eb Lennox Vella fl-uffi\u010b\u010bju legali, ji\u0121i \u0127u Joe Mifsud.<\/p>\n<p>Lennox Vella huwa wkoll l-avukat personali ta&#8217; Joe Mifsud. <a href=\"https:\/\/www.maltatoday.com.mt\/news\/court_and_police\/98656\/man_apologises_to_uploading_offensive_video_about_magistrate_joe_mifsud#.XteJcZ4zY1I\" target=\"_blank\" rel=\"noopener noreferrer\">Kemm Mario Mifsud kif ukoll Lennox Vella, li dehru flimkien f&#8217;numru ta&#8217; kaw\u017ci kriminali, kienu l-avukati ta&#8217; Joe Mifsud meta dan kien deher b\u0127ala <em>parte civile<\/em> f&#8217;kaw\u017ca li fiha ra\u0121el kien \u0121ie mixli u mqieg\u0127ed ta\u0127t arrest talli qal diskors kontra l-ma\u0121istrat f&#8217;filmat tal<em>-YouTube.<\/em><\/a><\/p>\n","protected":false},"excerpt":{"rendered":"<p>L-inkjesta ma\u0121isterjali dwar il-mewt fil-ba\u0127ar ta&#8217; 12 il-ru\u0127 wara li l-lan\u010ba li dawn kienu riekbin fuqha t\u0127alliet g\u0127al ri\u0127ha g\u0127al diversi jiem qabel tniediet operazzjoni ta&#8217; salvata\u0121\u0121 fl-ib\u0127ra Maltin qed tkompli teg\u0127req fil-kontroversja. Dalg\u0127odu The Shift News irrapporta li l-Ma\u0121istrat Joe Mifsud g\u0127adda lil Robert Abela kopja tax-xhieda kollha li kienet n\u0121abret mill-inkjesta u dan [&hellip;]<\/p>\n","protected":false},"author":1,"featured_media":90916,"comment_status":"open","ping_status":"open","sticky":false,"template":"","format":"standard","meta":[],"categories":[54],"tags":[],"_links":{"self":[{"href":"https:\/\/manueldelia.com\/mt\/wp-json\/wp\/v2\/posts\/90920\/"}],"collection":[{"href":"https:\/\/manueldelia.com\/mt\/wp-json\/wp\/v2\/posts\/"}],"about":[{"href":"https:\/\/manueldelia.com\/mt\/wp-json\/wp\/v2\/types\/post\/"}],"author":[{"embeddable":true,"href":"https:\/\/manueldelia.com\/mt\/wp-json\/wp\/v2\/users\/1\/"}],"replies":[{"embeddable":true,"href":"https:\/\/manueldelia.com\/mt\/wp-json\/wp\/v2\/comments\/?post=90920"}],"version-history":[{"count":4,"href":"https:\/\/manueldelia.com\/mt\/wp-json\/wp\/v2\/posts\/90920\/revisions\/"}],"predecessor-version":[{"id":90928,"href":"https:\/\/manueldelia.com\/mt\/wp-json\/wp\/v2\/posts\/90920\/revisions\/90928\/"}],"wp:featuredmedia":[{"embeddable":true,"href":"https:\/\/manueldelia.com\/mt\/wp-json\/wp\/v2\/media\/90916\/"}],"wp:attachment":[{"href":"https:\/\/manueldelia.com\/mt\/wp-json\/wp\/v2\/media\/?parent=90920"}],"wp:term":[{"taxonomy":"category","embeddable":true,"href":"https:\/\/manueldelia.com\/mt\/wp-json\/wp\/v2\/categories\/?post=90920"},{"taxonomy":"post_tag","embeddable":true,"href":"https:\/\/manueldelia.com\/mt\/wp-json\/wp\/v2\/tags\/?post=90920"}],"curies":[{"name":"wp","href":"https:\/\/api.w.org\/{rel}","templated":true}]}}