{"id":92017,"date":"2020-06-21T07:53:44","date_gmt":"2020-06-21T05:53:44","guid":{"rendered":"https:\/\/manueldelia.com\/?p=92017"},"modified":"2020-06-22T17:46:53","modified_gmt":"2020-06-22T15:46:53","slug":"ixxukjati-izda-ma-skantajna-xejn","status":"publish","type":"post","link":"https:\/\/manueldelia.com\/mt\/2020\/06\/ixxukjati-izda-ma-skantajna-xejn\/","title":{"rendered":"Ixxukkjati. I\u017cda ma skantajna xejn."},"content":{"rendered":"<p><img class=\"size-full wp-image-91988 aligncenter\" src=\"https:\/\/manueldelia.com\/wp-content\/uploads\/2020\/06\/konrad-mizzi-keith-schembri-joseph-muscat-1.jpg\" alt=\"\" width=\"1024\" height=\"597\" srcset=\"https:\/\/manueldelia.com\/wp-content\/uploads\/2020\/06\/konrad-mizzi-keith-schembri-joseph-muscat-1-200x117.jpg 200w, https:\/\/manueldelia.com\/wp-content\/uploads\/2020\/06\/konrad-mizzi-keith-schembri-joseph-muscat-1-300x175.jpg 300w, https:\/\/manueldelia.com\/wp-content\/uploads\/2020\/06\/konrad-mizzi-keith-schembri-joseph-muscat-1-400x233.jpg 400w, https:\/\/manueldelia.com\/wp-content\/uploads\/2020\/06\/konrad-mizzi-keith-schembri-joseph-muscat-1-600x350.jpg 600w, https:\/\/manueldelia.com\/wp-content\/uploads\/2020\/06\/konrad-mizzi-keith-schembri-joseph-muscat-1-768x447.jpg 768w, https:\/\/manueldelia.com\/wp-content\/uploads\/2020\/06\/konrad-mizzi-keith-schembri-joseph-muscat-1-800x466.jpg 800w, https:\/\/manueldelia.com\/wp-content\/uploads\/2020\/06\/konrad-mizzi-keith-schembri-joseph-muscat-1.jpg 1024w, https:\/\/manueldelia.com\/wp-content\/uploads\/2020\/06\/konrad-mizzi-keith-schembri-joseph-muscat-1-1200x699.jpg 1200w\" sizes=\"(max-width: 1024px) 100vw, 1024px\" \/><\/p>\n<p>Ftit huma dawk li kienu emmnu li Joseph Muscat ma kien jaf xejn dwar dak li kien qed ise\u0127\u0127 ta\u0127t imnie\u0127ru. Meta fl-2016, kien irrifjuta li jke\u010b\u010bi lil Konrad Mizzi u lil Keith Schembri meta dawn inqabdu li kienu \u0127olqu kumpanniji sigrieti fil-Panama, kien ta \u0127jiel qawwi li hu kien imda\u0127\u0127al mag\u0127hom. U konna fhimna li l-kumpanniji fil-Panama ma jin\u0127olqux biex &#8220;jin\u017camm il-\u0121id fihom&#8221; kif ried ibellag\u0127hielna Konrad Mizzi. Fhimna li kienu fasslu <em>roadmap<\/em> biex iwettqu sensiela ta&#8217; serqiet fid-dawl tax-xemx u li dak li kien inkixef dwar il-kumpanniji tal-Panama kien biss \u0127jiel.<\/p>\n<p><img class=\"size-full wp-image-92002 aligncenter\" src=\"https:\/\/manueldelia.com\/wp-content\/uploads\/2020\/06\/2_joseph_muscat_castille.png\" alt=\"\" width=\"684\" height=\"384\" srcset=\"https:\/\/manueldelia.com\/wp-content\/uploads\/2020\/06\/2_joseph_muscat_castille-200x112.png 200w, https:\/\/manueldelia.com\/wp-content\/uploads\/2020\/06\/2_joseph_muscat_castille-300x168.png 300w, https:\/\/manueldelia.com\/wp-content\/uploads\/2020\/06\/2_joseph_muscat_castille-400x225.png 400w, https:\/\/manueldelia.com\/wp-content\/uploads\/2020\/06\/2_joseph_muscat_castille-600x337.png 600w, https:\/\/manueldelia.com\/wp-content\/uploads\/2020\/06\/2_joseph_muscat_castille.png 684w\" sizes=\"(max-width: 684px) 100vw, 684px\" \/><\/p>\n<p>Ftit huma dawk li emmnu li Joseph Muscat kien inno\u010benti. Meta qabad u dde\u010bieda wa\u0127du li jag\u0127ti l-proklama lil Melvyn Theuma, i\u017cda mbag\u0127ad lil s\u0127abu tal-Kabinett kien immanipulahom b&#8217;mod biex \u0121ieg\u0127elhom jaqblu li ma ting\u0127atax proklama lil Yorgen Fenech, konna fhimna mill-ewwel li kien qed jabbu\u017ca mill-awtorit\u00e0 legali biex i\u0127ares l-interessi personali tieg\u0127u. Mhux \u010bar dan l-interess personali x&#8217;kien. I\u017cda l-fatt li ppermetta lil Keith Schembri fil-kamra waqt li kien qed jir\u010bievi informazzjoni dwar il-qtil ta&#8217; Daphne anki tul i\u017c-\u017cmien li Yorgen Fenech kien meqjus b\u0127ala persuna suspettata, kien \u0127jiel importanti.<\/p>\n<p>&nbsp;<\/p>\n<p><img class=\"size-full wp-image-92004 aligncenter\" src=\"https:\/\/manueldelia.com\/wp-content\/uploads\/2020\/06\/file-7.jpg\" alt=\"\" width=\"630\" height=\"340\" srcset=\"https:\/\/manueldelia.com\/wp-content\/uploads\/2020\/06\/file-7-200x108.jpg 200w, https:\/\/manueldelia.com\/wp-content\/uploads\/2020\/06\/file-7-300x162.jpg 300w, https:\/\/manueldelia.com\/wp-content\/uploads\/2020\/06\/file-7-400x216.jpg 400w, https:\/\/manueldelia.com\/wp-content\/uploads\/2020\/06\/file-7-600x324.jpg 600w, https:\/\/manueldelia.com\/wp-content\/uploads\/2020\/06\/file-7.jpg 630w\" sizes=\"(max-width: 630px) 100vw, 630px\" \/><\/p>\n<p>Qed ji\u0121i f&#8217;mo\u0127\u0127i <a href=\"https:\/\/manueldelia.com\/2019\/02\/watch-alas-our-poor-country\/\" target=\"_blank\" rel=\"noopener noreferrer\">l-filmat li fih jidher ta&#8217; Joseph Muscat u ta&#8217; dik il-mara rg\u0127iba, vojta u vanitu\u017ca li g\u0127andu, jaqb\u017cu u jixxalaw bil-fliexken tax-xampanja f&#8217;idejhom g\u0127all-kant ta&#8217; \u2018ma tag\u0127mlu xejn ma\u2019 Joseph tag\u0127na\u2019<\/a>. Filmat li fih dehru qishom f&#8217;xalata f&#8217;xena li xejn ma taqbel mad-dinjit\u00e0 tal-kariga ta&#8217; prim ministru u mal-bini li hu residenza uffi\u010bjali tal-mexxej tal-pajji\u017c. I\u017cda kien sinjifikanti l-fatt li dak il-filmat spi\u010b\u010ba biex ixxandar.<\/p>\n<p>Dehru fih b\u0127allikieku ne\u0127\u0127ew balla minn fuq l-istonku, huwa u jaqb\u017cu u jog\u0127lew b\u0127all-\u0127allelin li jkunu wettqu serqa kbira u, b&#8217;xorti g\u0127alihom, irnexxielhom ig\u0127adduha lixxa.<\/p>\n<p>Dehru b\u0127allikieku qed jifir\u0127u talli kien tne\u0127\u0127a pi\u017c minn fuq spallejhom u b\u0127allikieku kienu qed isikktu lil \u0121wejjef b\u0127al Evarist Bartolo li kien jaf x&#8217;kienu wettqu, i\u017cda li ma kellux il-kura\u0121\u0121 i\u010banfarhom fil-bera\u0127.<\/p>\n<p><iframe style=\"border: none; overflow: hidden;\" src=\"https:\/\/www.facebook.com\/plugins\/post.php?href=https%3A%2F%2Fwww.facebook.com%2Fevarist.bartolo%2Fposts%2F3020401438008401&amp;width=500\" width=\"500\" height=\"325\" frameborder=\"0\" scrolling=\"no\" data-mce-fragment=\"1\"><\/iframe><\/p>\n<p>U b\u0127allikieku kienu qed isikktu lil xakall politiku b\u0127al Chris Fearne li baqa&#8217; b&#8217;xiber imnie\u0127er hu u jistenna \u010bans li ja\u0127taf it-tmexxija li spi\u010b\u010ba ma wasallu qatt.<\/p>\n<p>Il-koppja Muscat kienu f&#8217;ewforija g\u0127ax \u0127asbu li kienu g\u0127addewha lixxa tassew.<\/p>\n<p><img class=\"size-full wp-image-92006 aligncenter\" src=\"https:\/\/manueldelia.com\/wp-content\/uploads\/2020\/06\/2a76d1d6-b9e9-4fb9-8270-b2ab3fbaca12.jpg\" alt=\"\" width=\"684\" height=\"455\" srcset=\"https:\/\/manueldelia.com\/wp-content\/uploads\/2020\/06\/2a76d1d6-b9e9-4fb9-8270-b2ab3fbaca12-200x133.jpg 200w, https:\/\/manueldelia.com\/wp-content\/uploads\/2020\/06\/2a76d1d6-b9e9-4fb9-8270-b2ab3fbaca12-300x200.jpg 300w, https:\/\/manueldelia.com\/wp-content\/uploads\/2020\/06\/2a76d1d6-b9e9-4fb9-8270-b2ab3fbaca12-400x266.jpg 400w, https:\/\/manueldelia.com\/wp-content\/uploads\/2020\/06\/2a76d1d6-b9e9-4fb9-8270-b2ab3fbaca12-600x399.jpg 600w, https:\/\/manueldelia.com\/wp-content\/uploads\/2020\/06\/2a76d1d6-b9e9-4fb9-8270-b2ab3fbaca12.jpg 684w\" sizes=\"(max-width: 684px) 100vw, 684px\" \/><\/p>\n<p>Issa ilna nafu g\u0127al \u017cmien mhux \u0127a\u017cin li Yorgen Fenech kien pre\u017centi g\u0127al dik ix-xalata. <a href=\"https:\/\/www.maltatoday.com.mt\/news\/national\/99440\/yorgen_fenech_was_guest_at_girgenti_party_in_2019_gifted_muscat_three_bottles_of_petrus#.Xu70XmozY1I\" target=\"_blank\" rel=\"noopener noreferrer\">Dakinhar biex ji\u010b\u010belebra kien \u0127a mieg\u0127u rigali li jiswew l-eluf.<\/a><\/p>\n<p>Sirna nafu wkoll li, dak i\u017c-\u017cmien, Yorgen Fenech kien qed iqatta&#8217; \u0127afna \u017cmien ma&#8217; Melvyn Theuma. Kien qed jipprova jikkalmah u j\u017commu milli jikxef l-g\u0127awwar u forsi \u2013\u00a0<a href=\"https:\/\/www.maltatoday.com.mt\/news\/court_and_police\/102847\/yorgen_fenech_compilitation_of_evidence_pardoned_middleman_to_continue_testifying#.Xu70fWozY1I\" target=\"_blank\" rel=\"noopener noreferrer\">dejjem jekk il-bi\u017cg\u0127at li kellu Melvyn Theuma kienu fondati \u2013 kien ukoll qed jikkunsidra kienx je\u0127tie\u0121 li jinqatel Melvyn Theuma<\/a>.<\/p>\n<p>Jidher li huwa mistenni li jitfa\u010b\u010baw provi li Yorgen Fenech kien qed jipprova jserra\u0127 mo\u0127\u0127 Joseph Muscat li ma kienu ser jinqabdu qatt. Li kienu ser ikomplu jgawdu l-flus li kienu serqu ming\u0127ajr ma jkun hemm xi Daphne Caruana Galizia li tikxfilhom kollox .<\/p>\n<p>\u201cMa tag\u0127mlu xejn ma\u2019 Joseph tag\u0127na\u201d tabil\u0127aqq.<\/p>\n<p>Minkejja l-fatt li, g\u0127al diversi xhur u snin, kellna dan il-\u0127jiel \u010bar kollu, bosta huma dawk li kienu ttamaw li Malta ma kellhiex prim ministru mg\u0127addas sa xfar g\u0127ajnejh fil-\u0127mie\u0121 tal-korruzzjoni u li kien lest li jg\u0127in biex jitg\u0127atta assassinju li kien twettaq biex dan il-\u0127mie\u0121 jibqa&#8217; mistur. Bosta huma dawk il-pajji\u017ci li kienu mmexxijin mit-tiranni li l-im\u0121ieba tag\u0127hom kienet wa\u0127da ta&#8217; mist\u0127ija g\u0127al pajji\u017chom. U\u0127ud mill-gvernaturi li kellna ma tantx \u0127allew tog\u0127ma tajba warajhom. I\u017cda dan b&#8217;ebda mod ma jista&#8217; ji\u0121i paragunat, minn \u017cmien Gonsalvo Monroy &#8216;l hawn, mal-\u0127ni\u017crijiet li wettaq Joseph Muscat.<\/p>\n<p>Bosta huma dawk li kienu ttamaw li l-korruzzjoni twettqet minn wara dahar Joseph Muscat, il-prim ministru tal-Aqwa \u017bmien. I\u017cda issa ma jistax jibqa&#8217; jitwemmen.<\/p>\n<p>Kif lanqas jista&#8217; jitwemmen Robert Abela meta jg\u0127id li ma kien jaf b&#8217;xejn dwar dan il-\u0127mie\u0121 qabel illum. Meta jg\u0127id hekk ikun qed jigdeb. Robert Abela kien intu\u017ca b\u0127al bi\u010b\u010ba g\u0127odda minn Joseph Muscat meta dan kien g\u0127amel attentat biex jg\u0127addiha lixxa dwar il-kriminalit\u00e0 li twettqet ta\u0127t imnie\u0127ru. I\u017cda Abela ma kienx vittma tal-manipulazzjoni ta&#8217; Joseph Muscat: kien kompli\u010bi b&#8217;g\u0127ajnejh miftu\u0127in bera\u0127.<\/p>\n<p>Bi\u017c\u017cejjed wie\u0127ed jiftakar li f&#8217;Novembru li g\u0127adda kien pre\u017centi fil-kamra tal-kabinett meta l-ministri kienu ng\u0127ataw informazzjoni dwar dak li kien qed ig\u0127id Yorgen Fenech dwar il-korruzzjoni kbira li kienu mda\u0127\u0127lin fiha \u010berti rjus kbar. F&#8217;Novembru kienu jafu bid-dettalji kollha tal-iskandlu tal-kuntratt ma\u0127mu\u0121 tal-Montenegro.<\/p>\n<p>U minkejja dan, waqt li kien qed jistag\u0127ad g\u0127all-voti biex isir mexxej tal-partit, lill-votanti wieg\u0127edhom il-kontinwit\u00e0.\u00a0<a href=\"https:\/\/manueldelia.com\/2020\/01\/ok-bob-honeymoons-over-wednesday-29th-at-6pm-see-you-outside-parliament\/\" target=\"_blank\" rel=\"noopener noreferrer\">Kien hu wkoll li attakka lil dawk li kienu qed jipprotestaw, g\u0127ajjarhom b&#8217;sedizzjoni u g\u0127amlilhom sej\u0127a biex immorru lura f&#8217;darhom u &#8220;j\u0127alluna niggvernaw\u201d.<\/a><\/p>\n<p><img class=\"size-full wp-image-92008 aligncenter\" src=\"https:\/\/manueldelia.com\/wp-content\/uploads\/2020\/06\/WhatsApp-Image-2020-01-14-at-12.13.11.jpg\" alt=\"\" width=\"504\" height=\"702\" srcset=\"https:\/\/manueldelia.com\/wp-content\/uploads\/2020\/06\/WhatsApp-Image-2020-01-14-at-12.13.11-200x279.jpg 200w, https:\/\/manueldelia.com\/wp-content\/uploads\/2020\/06\/WhatsApp-Image-2020-01-14-at-12.13.11-215x300.jpg 215w, https:\/\/manueldelia.com\/wp-content\/uploads\/2020\/06\/WhatsApp-Image-2020-01-14-at-12.13.11-400x557.jpg 400w, https:\/\/manueldelia.com\/wp-content\/uploads\/2020\/06\/WhatsApp-Image-2020-01-14-at-12.13.11.jpg 504w\" sizes=\"(max-width: 504px) 100vw, 504px\" \/><\/p>\n<p>L-ewwel impenn tieg\u0127u b\u0127ala mexxej tal-partit kien \u017cjara lil Joseph Muscat fid-dar tieg\u0127u f&#8217;Burmarrad u ppo\u017ca mieg\u0127u g\u0127ar-ritratti. U kienet g\u0127adha lanqas g\u0127addiet \u0121img\u0127a minn dakinhar li \u0127a l-\u0127atra li ma laqg\u0127ax uffi\u010bjalment lil Joseph Muscat f&#8217;Kastilja. Dan ma kienx kollox. <a href=\"https:\/\/www.maltatoday.com.mt\/news\/national\/102162\/joseph_muscat_is_back_with_a_postcovid_analysis_for_labour_ministers#.Xu70-WozY1I\" target=\"_blank\" rel=\"noopener noreferrer\">Spi\u010b\u010ba wkoll biex \u0127atar lil Muscat b\u0127ala konsulent tieg\u0127u.<\/a><\/p>\n<p>Robert Abela ma jag\u0127milx parti minn xi \u0121enerazzjoni m\u0121edda tal-klassi politika tag\u0127na. Lil Evarist Bartolo u lil Chris Fearne ma jag\u0127mlilhomx g\u0127ajb. E\u017catt b\u0127alma g\u0127amel Evarist Bartolo, stqarr li jinsab di\u017cgustat bi \u0127mie\u0121 li kien ilu jaf bih xhur s\u0127a\u0127. U e\u017catt b\u0127al Chris Fearne, baqa&#8217; ma feta\u0127x \u0127alqu meta dan il-\u0127mie\u0121 imxajtan kollu kien qed jin\u0127ema, u dan biex seta&#8217; j\u0127ares is-setg\u0127a politika li kellu. I\u017cda hu ag\u0127ar minn dawn it-tnejn g\u0127aliex issa g\u0127andu wkoll il-wi\u010b\u010b li jigdeb dwar ir-rwol tieg\u0127u f&#8217;dan il-\u0127mie\u0121 kollu.<\/p>\n<p>Nhar il-\u0120img\u0127a waqt il-konferenza stampa, Robert Abela wera&#8217; kemm huwa ipokrita.\u00a0<a href=\"https:\/\/www.maltatoday.com.mt\/news\/national\/103081\/prime_minister_retracts_claim_that_daphne_caruana_galizias_sons_were_on_a_mission_to_disrupt_investigations#.Xu71RmozY1I\" target=\"_blank\" rel=\"noopener noreferrer\">Meta wie\u0121eb lil Jacob Borg tat- <em>Times of Malta<\/em>, li dakinhar stess kien xandar l-istorja tal-kuntratt tal-Montenegro flimkien mar-<em>Reuters,<\/em><\/a> huwa staqsa kemm ir-<em>Reuters<\/em> u tat-<em>Times of Malta<\/em> kienu ilhom jafu bl-iskandlu. Ried b\u0127al spe\u010bi ta&#8217; jimplika li r-<em>Reuters<\/em> u tat-<em>Times of Malta<\/em> \u017cammew mistura l-informazzjoni g\u0127al ra\u0121unijiet tatti\u010bi meta, kif fakkar fil-konferenza stampa, huwa d-dmir \u010biviku ta&#8217; \u010bittadin li jinfurma lill-pulizija minnufih b&#8217;xi delitt li jkun twettaq u li jkun sar jaf bih.<\/p>\n<p>Ejjew ne\u017caminaw din l-istqarrija bi\u010b\u010ba bi\u010b\u010ba.<\/p>\n<p>L-ewwel, Robert Abela ried ibellag\u0127ha li huwa kien sar jaf bl-iskandlu tal-kuntratt ma\u0127mu\u0121 tal-Montenegro mir-rapport li it-<em>Times of Malta<\/em> ta&#8217; nhar il-\u0120img\u0127a. Dak li stqarr huwa gidba. <a href=\"https:\/\/www.maltatoday.com.mt\/news\/national\/103092\/police_told_cabinet_in_november_2019_that_fenech_had_evidence_on_montenegro_deal#.Xu71dWozY1I\" target=\"_blank\" rel=\"noopener noreferrer\">Tal-<em>Malta Today<\/em> xandru rapport fis-sens li l-membri tal-kabinett kienu \u0121ew infurmati sa minn Novembru li g\u0127adda dwar l-istorja tal-\u0127mie\u0121 tal-korruzzjoni tal-Montenegro<\/a>. Mir-ritratt li jidher hawn ta\u0127t, jidher \u010bar li Robert Abela kien pre\u017centi g\u0127al laqg\u0127a tal-kabinett li fiha kienet ing\u0127atat din l-informazzjoni.<\/p>\n<p><iframe style=\"border: none; overflow: hidden;\" src=\"https:\/\/www.facebook.com\/plugins\/post.php?href=https%3A%2F%2Fwww.facebook.com%2FDavidCasaMEP%2Fposts%2F1542913469238169&amp;width=500\" width=\"500\" height=\"479\" frameborder=\"0\" scrolling=\"no\" data-mce-fragment=\"1\"><\/iframe><\/p>\n<p>Ilu jaf bil-\u0127mie\u0121 u, minkejja dan, f&#8217;Jannar lil Konrad Mizzi kien innominah biex iservi fuq istituzzjoni internazzjonali u g\u0127adu sal-lum m&#8217;g\u0127amel xejn biex ike\u010b\u010bieh mill-grupp parlamentari. U dan biex ma nsemmix kif baqa&#8217; sal-lum jixg\u0127al ix-xemg\u0127at quddiem ix-xbieha ta&#8217; Joseph Muscat. B\u0127ala mexxej tal-partit u prim ministru, m&#8217;g\u0127andux il-kura\u0121\u0121 li j\u017comm &#8216;il bog\u0127od minnu.<\/p>\n<p>It-tieni, huwa minnu li huwa dmir \u010biviku ta\u010b-\u010bittadin li jinforma lill-awtoritajiet dwar suspetti ta&#8217; a\u0121ir kriminali. Ma jafx Robert Abela li meta \u010bittadin jasal biex jag\u0127mel dan, jispi\u010b\u010ba ji\u0121i mg\u0127ajjar b\u0127ala traditur? Barra minn dan, l-awtoritajiet g\u0127andhom vizzju li jag\u0127lqu g\u0127ajnejhom meta jfe\u0121\u0121u provi dwar l-im\u0121ieba ta&#8217; politi\u010bi. Joseph Muscat, Keith Schembri, Konrad Mizzi, Chris Cardona u o\u0127rajn kienu \u0121ew rappuratati lill-awtoritajiet g\u0127al g\u0127exieren ta&#8217; drabi. U qatt ma \u0121ara&#8217; xejn. Xog\u0127ol il-\u0121urnalisti m&#8217;huwiex dak li jie\u0127du post l-awtoritajiet u li jilbsu \u017c-\u017carbun tag\u0127hom. Xog\u0127olhom huwa li jinfurmaw lill-pubbliku dwar \u0127wejje\u0121 li l-awtoritajiet jippruvaw jostruhom.<\/p>\n<p>It-tielet, jekk huwa minnu li huwa d-dmir \u010biviku li \u010bittadin jinforma lill-awtoritajiet dwar delitti li jkun sar jaf bihom, huwa proprju hu l-ewwel wie\u0127ed li jinsab \u0127ati g\u0127al dan in-nuqqas. B&#8217;xorti \u0127a\u017cina, fil-bi\u010b\u010ba &#8216;l kbira tal-ka\u017cijiet, min ikun jaf b&#8217;delitt u ma jikxifx m&#8217;huwiex \u0127ati ta&#8217; ksur ta&#8217; li\u0121i. Li kieku dan kien il-ka\u017c, Edwin Brincat il-\u0120ojja, Johann Cremona u \u0127afna o\u0127rajn di\u0121\u00e0 jinsabu maqfulin il-\u0127abs wara li dawn ammettew fil-qorti li Melvyn Theuma kien tkellem mag\u0127hom dwar il-qtil propost ta&#8217; Daphne Caruana Galizia. \u0126add minnhom ma kien kixef lil Theuma.<\/p>\n<p>M&#8217;g\u0127andniex xi ng\u0127idu, hemm differenza bejn dmir \u010biviku u dmir legali. I\u017cda meta l-mexxejja politi\u010bi jonqsu li jkunu ta&#8217; e\u017cempju fl-im\u0121ieba tag\u0127hom, in-nies bla ma trid tibda&#8217; wkoll tillaxka.<\/p>\n<p>Robert Abela m&#8217;huwiex il-personifikazzjoni tas-salvazzjoni li je\u0127tie\u0121 pajji\u017cna mill-\u0127mie\u0121 u l-korruzzjoni li \u0127alla warajh Joseph Muscat. U minkejja dan, kif wera&#8217; l-a\u0127\u0127ar st\u0127arri\u0121, jidher li m&#8217;hemmx alternattiva g\u0127alih. Elezzjoni bikrija issa hi kwa\u017ci \u010berta. U b\u0127al dik ta&#8217; \u0120unju 2017, l-elezzjoni li \u0121ejja jriduha sservi ta&#8217; assoluzzjoni g\u0127ad-dnubiet ta&#8217; Robert Abela u tal-Partit Laburista. Assoluzzjoni g\u0127all-kriminalit\u00e0, l-gideb, is-serq u l-qtil permezz tal-le\u0121ittimit\u00e0 tal-appo\u0121\u0121 popolari.<\/p>\n<p>Lill-Partit Laburista ma nag\u0127tihx tort sa barra. <a href=\"https:\/\/timesofmalta.com\/articles\/view\/survey-shows-labour-is-way-ahead-as-delia-performs-abysmally.799956\" target=\"_blank\" rel=\"noopener noreferrer\">Huwa l-Partit Nazzjonalista li huwa fid-dmir li jipprovdi lill-pajji\u017c b&#8217;alternattiva li jkunu jistg\u0127u jittamaw g\u0127aliha n-nies.<\/a><\/p>\n<p>Issa ilni \u017cmien twil nir\u010bievi messa\u0121\u0121i ming\u0127and u\u0127ud li qed jag\u0127mluli sej\u0127iet biex nifhem il-\u0127tie\u0121a li tal-Labour ji\u0121u xkupati mis-setg\u0127a u li g\u0127andi nag\u0127ti l-appo\u0121\u0121 tieg\u0127i lill-PN ta&#8217; Adrian Delia. Dawn jidher li jemmnu li g\u0127andi dmir \u010biviku li nag\u0127mel dan. Dmir \u010biviku li skonthom g\u0127andu jie\u0127u s-sopprevvent fuq dak li tg\u0127idli l-kuxjenza u li nitkellem meta jidhirli li g\u0127andi nitkellem.<\/p>\n<p>Jien nwie\u0121eb billi ng\u0127id li l-veru dmir \u010biviku huwa dak tal-PN li qieg\u0127ed hemm biex joffri alternattiva minn prim ministru alternattiv li n-nies ikollha fidu\u010bja fih.<\/p>\n<p>Jekk dan id-dmir il-PN m&#8217;huwiex lest li jwettqu, jien \u010bertament mhux lest li ma nag\u0127milx dmiri.<\/p>\n","protected":false},"excerpt":{"rendered":"<p>Ftit huma dawk li kienu emmnu li Joseph Muscat ma kien jaf xejn dwar dak li kien qed ise\u0127\u0127 ta\u0127t imnie\u0127ru. Meta fl-2016, kien irrifjuta li jke\u010b\u010bi lil Konrad Mizzi u lil Keith Schembri meta dawn inqabdu li kienu \u0127olqu kumpanniji sigrieti fil-Panama, kien ta \u0127jiel qawwi li hu kien imda\u0127\u0127al mag\u0127hom. U konna fhimna [&hellip;]<\/p>\n","protected":false},"author":1,"featured_media":92009,"comment_status":"open","ping_status":"open","sticky":false,"template":"","format":"standard","meta":[],"categories":[54],"tags":[],"_links":{"self":[{"href":"https:\/\/manueldelia.com\/mt\/wp-json\/wp\/v2\/posts\/92017\/"}],"collection":[{"href":"https:\/\/manueldelia.com\/mt\/wp-json\/wp\/v2\/posts\/"}],"about":[{"href":"https:\/\/manueldelia.com\/mt\/wp-json\/wp\/v2\/types\/post\/"}],"author":[{"embeddable":true,"href":"https:\/\/manueldelia.com\/mt\/wp-json\/wp\/v2\/users\/1\/"}],"replies":[{"embeddable":true,"href":"https:\/\/manueldelia.com\/mt\/wp-json\/wp\/v2\/comments\/?post=92017"}],"version-history":[{"count":5,"href":"https:\/\/manueldelia.com\/mt\/wp-json\/wp\/v2\/posts\/92017\/revisions\/"}],"predecessor-version":[{"id":92087,"href":"https:\/\/manueldelia.com\/mt\/wp-json\/wp\/v2\/posts\/92017\/revisions\/92087\/"}],"wp:featuredmedia":[{"embeddable":true,"href":"https:\/\/manueldelia.com\/mt\/wp-json\/wp\/v2\/media\/92009\/"}],"wp:attachment":[{"href":"https:\/\/manueldelia.com\/mt\/wp-json\/wp\/v2\/media\/?parent=92017"}],"wp:term":[{"taxonomy":"category","embeddable":true,"href":"https:\/\/manueldelia.com\/mt\/wp-json\/wp\/v2\/categories\/?post=92017"},{"taxonomy":"post_tag","embeddable":true,"href":"https:\/\/manueldelia.com\/mt\/wp-json\/wp\/v2\/tags\/?post=92017"}],"curies":[{"name":"wp","href":"https:\/\/api.w.org\/{rel}","templated":true}]}}