{"id":92856,"date":"2020-07-10T15:29:50","date_gmt":"2020-07-10T13:29:50","guid":{"rendered":"https:\/\/manueldelia.com\/?p=92856"},"modified":"2020-07-10T16:58:14","modified_gmt":"2020-07-10T14:58:14","slug":"l-istqarrijiet-tal-lum-ta-ian-abdilla","status":"publish","type":"post","link":"https:\/\/manueldelia.com\/mt\/2020\/07\/l-istqarrijiet-tal-lum-ta-ian-abdilla\/","title":{"rendered":"L-istqarrijiet tal-lum ta&#8217; Ian Abdilla"},"content":{"rendered":"<p><img class=\"aligncenter size-full wp-image-92833\" src=\"https:\/\/manueldelia.com\/wp-content\/uploads\/2020\/07\/472348017e4a30f92ddfa9b2af9695a37586ce19-1592926384-5ef220b0-630x420-1.png\" alt=\"\" width=\"1203\" height=\"800\" srcset=\"https:\/\/manueldelia.com\/wp-content\/uploads\/2020\/07\/472348017e4a30f92ddfa9b2af9695a37586ce19-1592926384-5ef220b0-630x420-1-200x133.png 200w, https:\/\/manueldelia.com\/wp-content\/uploads\/2020\/07\/472348017e4a30f92ddfa9b2af9695a37586ce19-1592926384-5ef220b0-630x420-1-300x200.png 300w, https:\/\/manueldelia.com\/wp-content\/uploads\/2020\/07\/472348017e4a30f92ddfa9b2af9695a37586ce19-1592926384-5ef220b0-630x420-1-400x266.png 400w, https:\/\/manueldelia.com\/wp-content\/uploads\/2020\/07\/472348017e4a30f92ddfa9b2af9695a37586ce19-1592926384-5ef220b0-630x420-1-600x399.png 600w, https:\/\/manueldelia.com\/wp-content\/uploads\/2020\/07\/472348017e4a30f92ddfa9b2af9695a37586ce19-1592926384-5ef220b0-630x420-1-768x511.png 768w, https:\/\/manueldelia.com\/wp-content\/uploads\/2020\/07\/472348017e4a30f92ddfa9b2af9695a37586ce19-1592926384-5ef220b0-630x420-1-800x532.png 800w, https:\/\/manueldelia.com\/wp-content\/uploads\/2020\/07\/472348017e4a30f92ddfa9b2af9695a37586ce19-1592926384-5ef220b0-630x420-1.png 1024w, https:\/\/manueldelia.com\/wp-content\/uploads\/2020\/07\/472348017e4a30f92ddfa9b2af9695a37586ce19-1592926384-5ef220b0-630x420-1-1200x798.png 1200w\" sizes=\"(max-width: 1203px) 100vw, 1203px\" \/><\/p>\n<p>Bil-konfu\u017cjoni li hemm b\u0127alissa fi \u0127dan il-Partit Nazzjonalista u bit-theddid ta&#8217; Adrian Delia li jisplodi kollox u j\u0121ib lill-partit frak, fa\u010bli \u0127afna li wie\u0127ed jaljena rasu minn \u0121rajjiet o\u0127ra li qed ise\u0127\u0127u fil-pajji\u017c.<\/p>\n<p>M&#8217;g\u0127andniex xi ng\u0127idu, wie\u0127ed fa\u010bli li jaljena rasu g\u0127aliex Adrian Delia qed jhedded bit-tifrik appuntu sabiex ma nindunawx b&#8217;dak kollu li qed ise\u0127\u0127 fil-pajji\u017c. Robert Abela ikkonferma li, l-\u0121img\u0127a li g\u0127addiet, Adrian Delia ltaqa&#8217; mieg\u0127u. Minn wara dahar il-Partit, Adrian Delia kellu laqg\u0127a strate\u0121ika ma&#8217; prim ministru li Delia b\u0127al donnu g\u0127andu xi interess li jaqdi l-interessi tieg\u0127u.<\/p>\n<p>Din hi r-ra\u0121uni li llum<a href=\"https:\/\/timesofmalta.com\/articles\/view\/egrant-inquiry-kicked-off-hours-after-pilatus-suspicious-luggage.804147\" target=\"_blank\" rel=\"noopener noreferrer\"> dak kollu li rri\u017culta fl-inkjesta pubblika dwar il-qtil ta&#8217; Daphne Caruana Galizia bilkemm g\u0127amel \u0127oss<\/a>. L-im\u0127allfin tal-inkjesta g\u0127afsu fuq Ian Abdilla dwar dak il-lejl f&#8217;April 2017 li fih Ali Sadr Hashemi Nejad, ftit sig\u0127at biss wara li Daphne rrappurtat li l-bank kellu f&#8217;idejh provi dokumentati li sidt l-Egrant hi Michelle muscat, \u0127are\u0121 inkiss inkiss mill-uffi\u010b\u010bju tieg\u0127u b&#8217;bagalji f&#8217;idejh li Alla biss jaf x&#8217;kien fihom.<\/p>\n<p>Ian Abdilla ta l-ver\u017cjoni tieg\u0127u dwar dak li kien se\u0127\u0127 f&#8217;dak il-lejl. Dwar kif, meta kien po\u0121\u0121a bil-qieg\u0127da biex jiekol, \u0121ie infurmat dwar il-\u0127arba ta&#8217; Ali Sadr Hashemi Nejad. Dwar kif l-eks Kummissarju Lawrence Cutajar lil Ian Abdilla kien qallu biex jiekol d-di\u017certa u jie\u0127u belg\u0127a kaf\u00e8. Dwar kif kienu stennew bil-pa\u010benzja kollha sakemm tfa\u010b\u010ba fil-Kwartier \u0120enerali tal-Pulizija l-avukat ta&#8217; Joseph Muscat fis-sig\u0127at bikrin tal-g\u0127ada filg\u0127odu biex setg\u0127u jibdew investigazzjoni dwar l-im\u0121ieba tal-klijent tieg\u0127u.<\/p>\n<p>Dwar kif stennew sakemm ajruplan ming\u0127ajr passi\u0121ieri telaq minn Malta u ni\u017cel Baku qabel qabad triqtu lejn id-Dubaj.<\/p>\n<p>Dan kollu konna ilna di\u0121\u00e0 nafuh. I\u017cda issa ikkonferma dan kollu l-investigatur ewlieni tal-pulizija. Dan xehed ukoll dwar kemm kien limitat apposta minn Joseph Muscat innifsu l-iskop tal-inkjesta Egrant. Dwar kif din il-limitazzjoni tat sku\u017ca komda lill-Pulizija biex i\u017c\u017comm lura milli tinvestiga bis-serjet\u00e0 g\u0127aliex inkella setg\u0127u nkixfu borom dwar l-identit\u00e0 ta&#8217; dawk li kienu qed ja\u0127slu l-flus ma\u0127mu\u0121in.<\/p>\n<p>U dwar kif l-inkjesta qag\u0127det biss fuq il-kelma ta&#8217; Brian Tonna meta dan kien stqarr li l-Egrant kienet in\u0127olqot biex tinbieg\u0127 li min kien lest li jixtriha u dan ming\u0127ajr ma g\u0127arblu stqarrija b\u0127al din fl-isfond tal-gideb li kienu nqabdu fihom tan-Nexia BT.<\/p>\n<p>Xehed ukoll dwar kif tan-Nexia BT fi\u017cikament kienu fil-ministeru ta&#8217; Owen Bonnici fi\u017c-\u017cmien li dan kien qed jipprova jserr\u0127ilna mo\u0127\u0127na li kienet qed issir \u0121ustizzja.<\/p>\n<p>Adrian Delia ma jridniex b&#8217;xi mod niddubitaw mir-ri\u017cultat tal-inkjesta Egrant li ddikjarat li Joseph Muscat ma kienx is-sid tag\u0127ha. Wara kollox, il-konklu\u017cjoni tal-inkjesta Egrant kienet daqqet g\u0127al widnejn Adrian Delia. U din il-konklu\u017cjoni kien u\u017caha b\u0127ala arma biex jipprova joqtol lil Simon Busuttil politikament.<\/p>\n<p>I\u017cda g\u0127arralu. Simon Busuttil telaq meta deherlu li kellu jitlaq u mhux meta riedu jitlaq Adrian Delia li, minn na\u0127a tieg\u0127u, kien mo\u0127\u0127u biss biex jag\u0127ti pja\u010bir lill-allat ta\u010b-\u010aentru Nazzjonali tal-Labour.<\/p>\n<p>Issa jidher li Adrian Delia ser jer\u0121a&#8217; jipprova jag\u0127mel dak li kien fallielu li jag\u0127mel ma&#8217; Simon Busuttil fil-konfront ta&#8217; 19 il-deputat parlamentari li a\u017c\u017cardaw li jitolbuh iwarrab biex ikunu jistg\u0127u i\u017commu lill-gvern kontabbli bis-serjet\u00e0.<\/p>\n<p>Meta jkun hemm xi \u0127add li jhedded li jisplodi kollox, ir-reazzjoni g\u0127andha tkun wa\u0127da sempli\u010bi. \u0126allih jhedded u ffoka fuq affarijiet o\u0127rajn li jkunu aktar produttivi. B\u0127al, per e\u017cempju, li l-Avukat \u0120enerali ji\u0121i m\u0121ieg\u0127el jer\u0121a jifta\u0127 l-injesta Egrant u dan fl-isfond tal-istqarrijiet li g\u0127amel Ian Abdilla llum fil-qorti.<\/p>\n","protected":false},"excerpt":{"rendered":"<p>Bil-konfu\u017cjoni li hemm b\u0127alissa fi \u0127dan il-Partit Nazzjonalista u bit-theddid ta&#8217; Adrian Delia li jisplodi kollox u j\u0121ib lill-partit frak, fa\u010bli \u0127afna li wie\u0127ed jaljena rasu minn \u0121rajjiet o\u0127ra li qed ise\u0127\u0127u fil-pajji\u017c. M&#8217;g\u0127andniex xi ng\u0127idu, wie\u0127ed fa\u010bli li jaljena rasu g\u0127aliex Adrian Delia qed jhedded bit-tifrik appuntu sabiex ma nindunawx b&#8217;dak kollu li qed [&hellip;]<\/p>\n","protected":false},"author":1,"featured_media":92834,"comment_status":"open","ping_status":"open","sticky":false,"template":"","format":"standard","meta":[],"categories":[54],"tags":[],"_links":{"self":[{"href":"https:\/\/manueldelia.com\/mt\/wp-json\/wp\/v2\/posts\/92856\/"}],"collection":[{"href":"https:\/\/manueldelia.com\/mt\/wp-json\/wp\/v2\/posts\/"}],"about":[{"href":"https:\/\/manueldelia.com\/mt\/wp-json\/wp\/v2\/types\/post\/"}],"author":[{"embeddable":true,"href":"https:\/\/manueldelia.com\/mt\/wp-json\/wp\/v2\/users\/1\/"}],"replies":[{"embeddable":true,"href":"https:\/\/manueldelia.com\/mt\/wp-json\/wp\/v2\/comments\/?post=92856"}],"version-history":[{"count":3,"href":"https:\/\/manueldelia.com\/mt\/wp-json\/wp\/v2\/posts\/92856\/revisions\/"}],"predecessor-version":[{"id":92863,"href":"https:\/\/manueldelia.com\/mt\/wp-json\/wp\/v2\/posts\/92856\/revisions\/92863\/"}],"wp:featuredmedia":[{"embeddable":true,"href":"https:\/\/manueldelia.com\/mt\/wp-json\/wp\/v2\/media\/92834\/"}],"wp:attachment":[{"href":"https:\/\/manueldelia.com\/mt\/wp-json\/wp\/v2\/media\/?parent=92856"}],"wp:term":[{"taxonomy":"category","embeddable":true,"href":"https:\/\/manueldelia.com\/mt\/wp-json\/wp\/v2\/categories\/?post=92856"},{"taxonomy":"post_tag","embeddable":true,"href":"https:\/\/manueldelia.com\/mt\/wp-json\/wp\/v2\/tags\/?post=92856"}],"curies":[{"name":"wp","href":"https:\/\/api.w.org\/{rel}","templated":true}]}}