{"id":93544,"date":"2020-08-05T09:54:22","date_gmt":"2020-08-05T07:54:22","guid":{"rendered":"https:\/\/manueldelia.com\/?p=93544"},"modified":"2020-08-05T10:41:25","modified_gmt":"2020-08-05T08:41:25","slug":"kawlata-storika","status":"publish","type":"post","link":"https:\/\/manueldelia.com\/mt\/2020\/08\/kawlata-storika\/","title":{"rendered":"Kawlata storika?"},"content":{"rendered":"<p><img class=\"aligncenter size-full wp-image-93540\" src=\"https:\/\/manueldelia.com\/wp-content\/uploads\/2020\/08\/edward_zammit_lewis_robert_abela.jpg\" alt=\"\" width=\"684\" height=\"455\" srcset=\"https:\/\/manueldelia.com\/wp-content\/uploads\/2020\/08\/edward_zammit_lewis_robert_abela-200x133.jpg 200w, https:\/\/manueldelia.com\/wp-content\/uploads\/2020\/08\/edward_zammit_lewis_robert_abela-300x200.jpg 300w, https:\/\/manueldelia.com\/wp-content\/uploads\/2020\/08\/edward_zammit_lewis_robert_abela-400x266.jpg 400w, https:\/\/manueldelia.com\/wp-content\/uploads\/2020\/08\/edward_zammit_lewis_robert_abela-600x399.jpg 600w, https:\/\/manueldelia.com\/wp-content\/uploads\/2020\/08\/edward_zammit_lewis_robert_abela.jpg 684w\" sizes=\"(max-width: 684px) 100vw, 684px\" \/><\/p>\n<p><a href=\"https:\/\/timesofmalta.com\/articles\/view\/paper-reforms-not-enough-pieter-omtzigt.809592\" target=\"_blank\" rel=\"noopener noreferrer\">Illum Pieter Omtzigt ta r-reazzjoni tieg\u0127u g\u0127all-g\u0127a\u0121eb kollu li g\u0127amel Edward Zammit Lewis dwar l-emendi kostituzzjonali &#8220;stori\u010bi&#8221; li g\u0127adda l-Parlament g\u0127axart ijiem ilu.\u00a0<\/a><\/p>\n<p>F&#8217;artikolu li kiteb fit-<em>Times of Malta<\/em>, huwa stqarr li \u201c<em>jidher li bosta mill-membri parlamentari lanqas biss qraw l-abbozz finali dakinhar li \u0121ew imsej\u0127a biex jivvutaw favurihom. Dan mhux il-mod kif isiru l-affarijiet f&#8217;demokraziji Ewropej.\u201d<\/em><\/p>\n<p>Is-sitwazzjoni fil-fatt hi ag\u0127ar milli ja\u0127seb li hi Pieter Omtzigt. G\u0127aliex il-fatti juru li, g\u0127axart ijiem wata li ttie\u0127ed il-vot &#8220;storiku&#8221;, bosta mid-deputati parlamentari g\u0127adhom ma qrawx l-abbozz finali. U l-Parlament g\u0127adu ma xandarx it-tibdiliet li saru fil-kostituzzjoni tal-pajji\u017c.<\/p>\n<p>Dan m&#8217;hu xejn \u0127lief dilettanti\u017cmu tal-prima klassi.<\/p>\n<p>Imma\u0121inaw xenarju li jse\u0127\u0127 fil-Klabb tal-Bo\u010b\u010bi ta&#8217; Bir\u017cebbu\u0121a. Il-president tal-klabb jitlob lil-s\u0127abu tal-kumitat biex jittie\u0127ed vot dwar kwistjoni ta\u0127raq li m&#8217;hemmx qbil dwarha: hemm \u017cew\u0121 kompetituri g\u0127all-kirja tal-bar tal-klabb u nofs il-membri tal-kumitat huma favur kuntrattur wie\u0127ed u n-nofs l-ie\u0127or huma favur kuntrattur ie\u0127or. Wa\u0127da mill-offerti hi ir\u0127as. I\u017cda l-offerta l-o\u0127ra g\u0127andha \u010berti vanta\u0121\u0121i. Il-kundizzjonijiet tal-kumtratt huma kumplikati u d-de\u010bi\u017cjoni dwar min minnhom g\u0127andu jing\u0127ata l-kuntratt m&#8217;hix fa\u010bli.<\/p>\n<p>Tistg\u0127u qatt timma\u0121inaw li jkun hemm qbil bejn il-membri tal-kumitat li jittie\u0127ed vot fuq ri\u017coluzzjoni li jkunu g\u0127adhom ma qrawx? U anki jekk, g\u0127all-grazzja tal-argument, ikun hemm qbil li jittie\u0127ed vot, tistg\u0127u timma\u0121inaw x&#8217;burdata jkunu fiha l-membri tal-kumitat meta jkunu g\u0127addew g\u0127axart ijiem u jkun g\u0127adu ma nkiteb xejn iswed fl-abjad?<\/p>\n<p>Li kieku fil-pajji\u017c g\u0127andna oppo\u017cizzjoni tal-affari tag\u0127ha, din kienet tibda&#8217; tistaqsi lill-gvern dwar jekk il-kliem tal-abbozz g\u0127adux qed jitfassal u dan g\u0127axart ijiem wara li \u0121ie approvat permezz ta&#8217; ri\u017coluzzjoni parlamentari. I\u017cda je\u0127tie\u0121 li niftakru li dan l-arran\u0121ament intla\u0127aq ma&#8217; Adrian Delia li b\u0127alissa huwa aktar mo\u0127\u0127u biex jara kif politikament ser jibqa&#8217; jimra\u0127 fil-wi\u010b\u010b.<\/p>\n<p>L-abbozz ta&#8217; li\u0121i \u0121ie mg\u0127oddi lill-President? Il-President iffirma\u0127? X&#8217;ig\u0127id l-abbozz?<\/p>\n<p>Dan it-ta\u0127wid m&#8217;hu xejn \u0127lief kawlata storika.<\/p>\n","protected":false},"excerpt":{"rendered":"<p>Illum Pieter Omtzigt ta r-reazzjoni tieg\u0127u g\u0127all-g\u0127a\u0121eb kollu li g\u0127amel Edward Zammit Lewis dwar l-emendi kostituzzjonali &#8220;stori\u010bi&#8221; li g\u0127adda l-Parlament g\u0127axart ijiem ilu.\u00a0 F&#8217;artikolu li kiteb fit-Times of Malta, huwa stqarr li \u201cjidher li bosta mill-membri parlamentari lanqas biss qraw l-abbozz finali dakinhar li \u0121ew imsej\u0127a biex jivvutaw favurihom. Dan mhux il-mod kif isiru l-affarijiet [&hellip;]<\/p>\n","protected":false},"author":1,"featured_media":93541,"comment_status":"open","ping_status":"open","sticky":false,"template":"","format":"standard","meta":[],"categories":[54],"tags":[],"_links":{"self":[{"href":"https:\/\/manueldelia.com\/mt\/wp-json\/wp\/v2\/posts\/93544\/"}],"collection":[{"href":"https:\/\/manueldelia.com\/mt\/wp-json\/wp\/v2\/posts\/"}],"about":[{"href":"https:\/\/manueldelia.com\/mt\/wp-json\/wp\/v2\/types\/post\/"}],"author":[{"embeddable":true,"href":"https:\/\/manueldelia.com\/mt\/wp-json\/wp\/v2\/users\/1\/"}],"replies":[{"embeddable":true,"href":"https:\/\/manueldelia.com\/mt\/wp-json\/wp\/v2\/comments\/?post=93544"}],"version-history":[{"count":1,"href":"https:\/\/manueldelia.com\/mt\/wp-json\/wp\/v2\/posts\/93544\/revisions\/"}],"predecessor-version":[{"id":93549,"href":"https:\/\/manueldelia.com\/mt\/wp-json\/wp\/v2\/posts\/93544\/revisions\/93549\/"}],"wp:featuredmedia":[{"embeddable":true,"href":"https:\/\/manueldelia.com\/mt\/wp-json\/wp\/v2\/media\/93541\/"}],"wp:attachment":[{"href":"https:\/\/manueldelia.com\/mt\/wp-json\/wp\/v2\/media\/?parent=93544"}],"wp:term":[{"taxonomy":"category","embeddable":true,"href":"https:\/\/manueldelia.com\/mt\/wp-json\/wp\/v2\/categories\/?post=93544"},{"taxonomy":"post_tag","embeddable":true,"href":"https:\/\/manueldelia.com\/mt\/wp-json\/wp\/v2\/tags\/?post=93544"}],"curies":[{"name":"wp","href":"https:\/\/api.w.org\/{rel}","templated":true}]}}