{"id":93898,"date":"2020-08-19T10:33:55","date_gmt":"2020-08-19T08:33:55","guid":{"rendered":"https:\/\/manueldelia.com\/?p=93898"},"modified":"2020-08-19T16:38:05","modified_gmt":"2020-08-19T14:38:05","slug":"gimgha-tal-blieh","status":"publish","type":"post","link":"https:\/\/manueldelia.com\/mt\/2020\/08\/gimgha-tal-blieh\/","title":{"rendered":"\u0120img\u0127a tal-blie\u0127"},"content":{"rendered":"<p>L-isforzi li qed nag\u0127mlu biex nibqg\u0127u mqajmin qed iba\u017cwruna. Ix-xokkijiet elettri\u010bi huma meqjusin b\u0127ala metodu ta&#8217; tortura. I\u017cda issa wasalna fi stat li jibda&#8217; jin\u0127ass l-u\u0121ieg\u0127 f&#8217;\u0121isimna hekk kif jieqfu dawn ix-xokkijiet. Dan li \u0121ej huwa biss kampjun tal-\u0121rajjiet li jbell\u0127uk li se\u0127\u0127ew matul din il-\u0121img\u0127a &#8211; \u0121img\u0127a li, b\u0127all-erbat ijiem tal-Milied, s-soltu ma jse\u0127\u0127 xejn spe\u010bjali matulha.<\/p>\n<p><img class=\"aligncenter size-full wp-image-93873\" src=\"https:\/\/manueldelia.com\/wp-content\/uploads\/2020\/08\/broadcasting_authority.jpg\" alt=\"\" width=\"684\" height=\"384\" srcset=\"https:\/\/manueldelia.com\/wp-content\/uploads\/2020\/08\/broadcasting_authority-200x112.jpg 200w, https:\/\/manueldelia.com\/wp-content\/uploads\/2020\/08\/broadcasting_authority-300x168.jpg 300w, https:\/\/manueldelia.com\/wp-content\/uploads\/2020\/08\/broadcasting_authority-400x225.jpg 400w, https:\/\/manueldelia.com\/wp-content\/uploads\/2020\/08\/broadcasting_authority-600x337.jpg 600w, https:\/\/manueldelia.com\/wp-content\/uploads\/2020\/08\/broadcasting_authority.jpg 684w\" sizes=\"(max-width: 684px) 100vw, 684px\" \/><\/p>\n<p>L-Awtorit\u00e0 tax-Xandir idde\u010bidiet li l-\u0121urnalisti jkunu qed jo\u0127olqu \u017cbilan\u010b meta jag\u0127mlu \u010berti mistoqsijiet fil-konferenzi tal-a\u0127barijiet. G\u0127aldaqstant, minn issa &#8216;l quddiem dak li l-\u0121urnalisti jistaqsu dwaru u t-twe\u0121ibiet li jir\u010bievu mhux ser jibqg\u0127u jixxandru fuq it-televi\u017cjoni nazzjonali meta dan ixandar <em>live<\/em>. Din id-de\u010bi\u017cjoni, li tixba\u0127 il-famu\u017ca de\u010bi\u017cjoni biblika li kien \u0127a Salamun, saret wara li l-Oppo\u017cizzjoni lmentat li l-gvern kien qed jag\u0127mel u\u017cu mill-konferenzi stampa dwar is-sa\u0127\u0127a g\u0127all-finijiet ta&#8217; tixrid ta&#8217; propaganda. L-Awtorit\u00e0 tax-Xandir kellha bosta triqat minn fejn setg\u0127et tg\u0127addi biex tassigura li jkun hemm rappurta\u0121\u0121 bilan\u010bjat fuq l-istazzjon nazzjonali. I\u017cda b&#8217;liema &#8220;soluzzjoni&#8221; \u0127ar\u0121et biha? Qasmet it-&#8220;tarbija&#8221; tat-tixrid \u0127ieles tal-informazzjoni fi tnejn: wa\u0127da mill-&#8220;ommijiet&#8221; kienet kuntenta b&#8217;din is-soluzzjoni u tal-Labour huma indifferenti.<\/p>\n<p>Din l-istorja se\u0127\u0127et tassew.<\/p>\n<p><img class=\"aligncenter size-full wp-image-93875\" src=\"https:\/\/manueldelia.com\/wp-content\/uploads\/2020\/08\/pr201102d.jpg\" alt=\"\" width=\"1600\" height=\"1064\" srcset=\"https:\/\/manueldelia.com\/wp-content\/uploads\/2020\/08\/pr201102d-200x133.jpg 200w, https:\/\/manueldelia.com\/wp-content\/uploads\/2020\/08\/pr201102d-300x200.jpg 300w, https:\/\/manueldelia.com\/wp-content\/uploads\/2020\/08\/pr201102d-400x266.jpg 400w, https:\/\/manueldelia.com\/wp-content\/uploads\/2020\/08\/pr201102d-600x399.jpg 600w, https:\/\/manueldelia.com\/wp-content\/uploads\/2020\/08\/pr201102d-768x511.jpg 768w, https:\/\/manueldelia.com\/wp-content\/uploads\/2020\/08\/pr201102d-800x532.jpg 800w, https:\/\/manueldelia.com\/wp-content\/uploads\/2020\/08\/pr201102d.jpg 1024w, https:\/\/manueldelia.com\/wp-content\/uploads\/2020\/08\/pr201102d-1200x798.jpg 1200w, https:\/\/manueldelia.com\/wp-content\/uploads\/2020\/08\/pr201102d-1536x1021.jpg 1536w\" sizes=\"(max-width: 1600px) 100vw, 1600px\" \/><\/p>\n<p>Bi g\u0127an li ji\u0121i kontrollat it-tixrid tal-imxijja Covid-19, ser jing\u0127alqu l-\u0127wienet tax-xorb. Wara kollox, dawn il-\u0127wienet m&#8217;humiex b\u0127ar-ristoranti g\u0127aliex fihom in-nies ikunu mrassin ma&#8217; xulxin, jersqu vi\u010bin xulxin biex jit\u0127addtu, jistennew ix-xorb li jordnaw mal-bar u \u0121eneralment ikunu fi\u017cikament aktar qrib xulxin minn dawk li jmorru fir-ristoranti. I\u017cda dawn il-\u0127wienet xorta wa\u0127da jkunu jistg\u0127u jift\u0127u jekk tal-\u0127anut mal-birra lill-klijenti jservihom ukoll b&#8217;bor\u017ca \u010bips. Chris Fearne kiteb ir-ri\u010betta i\u017cda kienet Julia Farrugia Portelli li remiet il-medi\u010bina l-ba\u0127ar.<\/p>\n<p>Din l-istorja se\u0127\u0127et tassew.<\/p>\n<p><img class=\"aligncenter size-full wp-image-93877\" src=\"https:\/\/manueldelia.com\/wp-content\/uploads\/2020\/08\/keith_melvin-1024x683-1.jpg\" alt=\"\" width=\"1024\" height=\"683\" srcset=\"https:\/\/manueldelia.com\/wp-content\/uploads\/2020\/08\/keith_melvin-1024x683-1-200x133.jpg 200w, https:\/\/manueldelia.com\/wp-content\/uploads\/2020\/08\/keith_melvin-1024x683-1-300x200.jpg 300w, https:\/\/manueldelia.com\/wp-content\/uploads\/2020\/08\/keith_melvin-1024x683-1-400x267.jpg 400w, https:\/\/manueldelia.com\/wp-content\/uploads\/2020\/08\/keith_melvin-1024x683-1-600x400.jpg 600w, https:\/\/manueldelia.com\/wp-content\/uploads\/2020\/08\/keith_melvin-1024x683-1-768x512.jpg 768w, https:\/\/manueldelia.com\/wp-content\/uploads\/2020\/08\/keith_melvin-1024x683-1-800x534.jpg 800w, https:\/\/manueldelia.com\/wp-content\/uploads\/2020\/08\/keith_melvin-1024x683-1.jpg 1024w\" sizes=\"(max-width: 1024px) 100vw, 1024px\" \/><\/p>\n<p>It-tabib ta&#8217; Yorgen Fenech xehed bil-\u0121urament li Keith Schembri kien gideb lill-qorti meta dan \u010ba\u0127ad li kien g\u0127addielu ittra biex imbag\u0127ad din ti\u0121i mg\u0127oddija lil Yorgen Fenech meta dan tal-a\u0127\u0127ar kien \u0121ie arrestat. Meta l-pulizija ssekwestraw l-ittra sabu li fiha kien inkitbu struzzjonijiet lil Yorgen Fenech dwar kif dan jista&#8217; jwa\u0127\u0127al ir-responsabbilt\u00e0 g\u0127all-assassinju ta&#8217; Daphne Caruana Galizia fuq Chris Cardona. Dak li xehed kienet di\u0121\u00e0 storja tal-wa\u0127x. I\u017cda kien aktar tal-bi\u017ca&#8217; dak li se\u0127\u0127\u00a0 &#8211; jew li ma se\u0127\u0127x &#8211; ftit wara.<\/p>\n<p>Lil Keith Schembri l-pulizija baqg\u0127et sal-lum ma mexxietx kriminalment kontrih talli \u0127alef falz.<\/p>\n<div style=\"width: 640px;\" class=\"wp-video\"><!--[if lt IE 9]><script>document.createElement('video');<\/script><![endif]-->\n<video class=\"wp-video-shortcode\" id=\"video-93898-1\" width=\"640\" height=\"352\" preload=\"metadata\" controls=\"controls\"><source type=\"video\/mp4\" src=\"https:\/\/manueldelia.com\/wp-content\/uploads\/2020\/08\/WhatsApp-Video-2020-08-15-at-15.24.40.mp4?_=1\" \/><a href=\"https:\/\/manueldelia.com\/wp-content\/uploads\/2020\/08\/WhatsApp-Video-2020-08-15-at-15.24.40.mp4\">https:\/\/manueldelia.com\/wp-content\/uploads\/2020\/08\/WhatsApp-Video-2020-08-15-at-15.24.40.mp4<\/a><\/video><\/div>\n<p>Dawn l-a\u0127\u0127ar \u0121img\u0127at Robert Abela g\u0127addihom \u0121ej u sejjer bejn Malta u Sqallija. \u017bmien li fih Malta sabet ru\u0127ha ta\u0127t id-dell tat-tieni mew\u0121a tal-imxijja Covid-19. F&#8217;Marzu li g\u0127adda meta l-firxa tal-epidemija kienet wisq inqas milli hi llum, il-gvern kien \u0127abbar emer\u0121enza medika u Robert Abela \u0127are\u0121 bl-unuri. I\u017cda din id-darba mar jaqdef bir-rota fil-bera\u0127 f&#8217;Marina di Ragusa. Ma nafx kemm il-darba xtara biljetti biex jaqsam lejn Sqallija bil-ba\u0127ar biex imbag\u0127ad ikun jista&#8217; jirkeb u jgawdi l-lan\u010ba lussu\u017ca li g\u0127andu marbuta f&#8217;Marina di Ragusa.<\/p>\n<p>Din l-istorja se\u0127\u0127et tassew.<\/p>\n<p><img class=\"aligncenter size-full wp-image-93881\" src=\"https:\/\/manueldelia.com\/wp-content\/uploads\/2020\/08\/attorney-general-analysing-problems-with-1979-rent-law-20140215.jpg\" alt=\"\" width=\"684\" height=\"500\" srcset=\"https:\/\/manueldelia.com\/wp-content\/uploads\/2020\/08\/attorney-general-analysing-problems-with-1979-rent-law-20140215-200x146.jpg 200w, https:\/\/manueldelia.com\/wp-content\/uploads\/2020\/08\/attorney-general-analysing-problems-with-1979-rent-law-20140215-300x219.jpg 300w, https:\/\/manueldelia.com\/wp-content\/uploads\/2020\/08\/attorney-general-analysing-problems-with-1979-rent-law-20140215-400x292.jpg 400w, https:\/\/manueldelia.com\/wp-content\/uploads\/2020\/08\/attorney-general-analysing-problems-with-1979-rent-law-20140215-600x439.jpg 600w, https:\/\/manueldelia.com\/wp-content\/uploads\/2020\/08\/attorney-general-analysing-problems-with-1979-rent-law-20140215.jpg 684w\" sizes=\"(max-width: 684px) 100vw, 684px\" \/><\/p>\n<p>Warrab Peter Grech. \u0126a\u0121a li kien messu g\u0127amel snin ilu. L-ittra tar-ri\u017cenja tieg\u0127u xxandret &#8211; \u0127a\u0121a li mhux soltu li ssir f&#8217;pajji\u017c li jehda fis-sigrieti. Fiha Peter Grech ta r-ra\u0121unijiet tieg\u0127u l-g\u0127ala warrab: kien inkwetat dwar sa\u0127\u0127tu li marret lura min\u0127abba l-kritika n\u0121usta li saret fil-konfront tieg\u0127u. Fi kliem ie\u0127or, lill-Avukat \u0120enerali &#8211; uffi\u010bjal tal-istat li tant g\u0127andu sa\u0127\u0127a li jista&#8217; ji\u0121i m\u0121ieg\u0127el iwarrab biss b&#8217;ma\u0121\u0121oranza ta&#8217; \u017cew\u0121 terzi tal-Parlament &#8211; \u0127add ma jista&#8217; jiddettalu dwar kif g\u0127andu jag\u0127mel xog\u0127olu u dan idde\u010bieda li jwarrab g\u0127aliex \u0127assu offi\u017c b&#8217;dak li ntqal dwaru.<\/p>\n<p>Din l-istorja se\u0127\u0127et tassew.<\/p>\n<p>&nbsp;<\/p>\n<p><img class=\"aligncenter size-full wp-image-93883\" src=\"https:\/\/manueldelia.com\/wp-content\/uploads\/2020\/08\/FRANK_drug_image_cocaine.jpg\" alt=\"\" width=\"767\" height=\"620\" srcset=\"https:\/\/manueldelia.com\/wp-content\/uploads\/2020\/08\/FRANK_drug_image_cocaine-177x142.jpg 177w, https:\/\/manueldelia.com\/wp-content\/uploads\/2020\/08\/FRANK_drug_image_cocaine-200x162.jpg 200w, https:\/\/manueldelia.com\/wp-content\/uploads\/2020\/08\/FRANK_drug_image_cocaine-300x243.jpg 300w, https:\/\/manueldelia.com\/wp-content\/uploads\/2020\/08\/FRANK_drug_image_cocaine-400x323.jpg 400w, https:\/\/manueldelia.com\/wp-content\/uploads\/2020\/08\/FRANK_drug_image_cocaine-600x485.jpg 600w, https:\/\/manueldelia.com\/wp-content\/uploads\/2020\/08\/FRANK_drug_image_cocaine.jpg 767w\" sizes=\"(max-width: 767px) 100vw, 767px\" \/><\/p>\n<p>Xi suldati tal-Forzi Armati &#8211; l-eroj tar-re\u017cistenza kontra l-inva\u017cjoni ta&#8217; immigranti Afrikani, l-vittmi ta&#8217; dawk l-imxajtnin ta&#8217; NGO&#8217;s u tiri ta&#8217; dawk li g\u0127amlu l-protesti f&#8217;Jum ir-Repubblika &#8211; kienu mda\u0127\u0127lin f&#8217;dak li \u0121ie deskritt b\u0127ala &#8220;festin tal-kokajina\u201d. Dan sirna nafuh g\u0127aliex eks-suldat, li kien tke\u010b\u010ba mill-armata g\u0127aliex kiteb b&#8217;mod \u010bajtier dwar kan\u010bell li tqieg\u0127ed mill-armata f&#8217;nofs g\u0127alqa, kiteb dwaru fil-<em>Facebook.<\/em> G\u0127aliex, g\u0127al \u0121ie\u0127na, jekk ti\u010b\u010bajta dwar kan\u010bell, ike\u010b\u010buk dak il-\u0127in stess. I\u017cda te\u017cisti kumplikazzjoni akbar g\u0127al min jie\u0127u sehem f'&#8221;festin tal-kokajina&#8221;. U Jeffrey Curmi &#8211; l-eroj tar-re\u017cistenza li ng\u0127ata erba&#8217; promozzjonijiet fuq xulxin f&#8217;temp ta&#8217; ftit \u0121ranet &#8211; g\u0127adu f&#8217;postu b\u0127ala kmandant tal-armata.<\/p>\n<p>Din l-istorja se\u0127\u0127et tassew.<\/p>\n<p><img class=\"aligncenter size-full wp-image-93885\" src=\"https:\/\/manueldelia.com\/wp-content\/uploads\/2020\/08\/joseph_muscat_keith_schembri_cabinet_1-1.jpg\" alt=\"\" width=\"684\" height=\"429\" srcset=\"https:\/\/manueldelia.com\/wp-content\/uploads\/2020\/08\/joseph_muscat_keith_schembri_cabinet_1-1-200x125.jpg 200w, https:\/\/manueldelia.com\/wp-content\/uploads\/2020\/08\/joseph_muscat_keith_schembri_cabinet_1-1-300x188.jpg 300w, https:\/\/manueldelia.com\/wp-content\/uploads\/2020\/08\/joseph_muscat_keith_schembri_cabinet_1-1-320x202.jpg 320w, https:\/\/manueldelia.com\/wp-content\/uploads\/2020\/08\/joseph_muscat_keith_schembri_cabinet_1-1-400x251.jpg 400w, https:\/\/manueldelia.com\/wp-content\/uploads\/2020\/08\/joseph_muscat_keith_schembri_cabinet_1-1-600x376.jpg 600w, https:\/\/manueldelia.com\/wp-content\/uploads\/2020\/08\/joseph_muscat_keith_schembri_cabinet_1-1.jpg 684w\" sizes=\"(max-width: 684px) 100vw, 684px\" \/><\/p>\n<p>\u0126u l-Kap tas-Servizz \u010aivili\u00a0 &#8211; li hu wkoll impjegat mal-gvern &#8211; \u0121ie arrestat u \u0121ie mixli b&#8217;\u0127asil ta&#8217; flus ma\u0127mu\u0121in. Sa ftit ta\u017c-\u017cmien ilu, Aldo Cutajar kien il-Konslu ta&#8217; Malta f&#8217;Shanghai li kien qed ibieg\u0127 il-passaporti Maltin lil min jaf lil min. Kien intbag\u0127at f&#8217;Shanghai wara li l-hekk imsejj\u0127a &#8220;servizzi tas-sigurt\u00e0&#8221; suppost g\u0127addewh mill-g\u0127arbiel biex jing\u0127ata kariga diplomatika u dan minkejja li kien instab \u0127ati ta&#8217; serq ta&#8217; flus pubbli\u010bi. Fl-2018 kien intbag\u0127at f&#8217;Shanghai (u kien Beijing fl-2016) i\u017cda minn investigazzjoni li g\u0127amel il-gvern irri\u017culta li g\u0127al dan kollu kien ja\u0127ti Lawrence Gonzi. Fl-2013 Lawrence Gonzi kien spi\u010b\u010ba mill-gvern, i\u017cda jekk Mario Cutajar \u2013 il-kap &#8220;Tag\u0127na Lkoll&#8221; tas-servizz \u010bivili \u2013 ma ja\u0127tix, je\u0127tie\u0121 li jwa\u0127\u0127lu f&#8217;xi \u0127add. U meta tkun fid-dubju, g\u0127aliex m&#8217;g\u0127andekx twa\u0127\u0127al f&#8217;Gonzi?<\/p>\n<p>Din l-istorja se\u0127\u0127et tassew.<\/p>\n<p><img class=\"aligncenter size-full wp-image-93887\" src=\"https:\/\/manueldelia.com\/wp-content\/uploads\/2020\/08\/07676759ce89675b50e4803f092009f0a98211ea-1564251785-5d3c9689-1920x1280-1.jpg\" alt=\"\" width=\"1920\" height=\"1280\" srcset=\"https:\/\/manueldelia.com\/wp-content\/uploads\/2020\/08\/07676759ce89675b50e4803f092009f0a98211ea-1564251785-5d3c9689-1920x1280-1-200x133.jpg 200w, https:\/\/manueldelia.com\/wp-content\/uploads\/2020\/08\/07676759ce89675b50e4803f092009f0a98211ea-1564251785-5d3c9689-1920x1280-1-300x200.jpg 300w, https:\/\/manueldelia.com\/wp-content\/uploads\/2020\/08\/07676759ce89675b50e4803f092009f0a98211ea-1564251785-5d3c9689-1920x1280-1-400x267.jpg 400w, https:\/\/manueldelia.com\/wp-content\/uploads\/2020\/08\/07676759ce89675b50e4803f092009f0a98211ea-1564251785-5d3c9689-1920x1280-1-600x400.jpg 600w, https:\/\/manueldelia.com\/wp-content\/uploads\/2020\/08\/07676759ce89675b50e4803f092009f0a98211ea-1564251785-5d3c9689-1920x1280-1-768x512.jpg 768w, https:\/\/manueldelia.com\/wp-content\/uploads\/2020\/08\/07676759ce89675b50e4803f092009f0a98211ea-1564251785-5d3c9689-1920x1280-1-800x533.jpg 800w, https:\/\/manueldelia.com\/wp-content\/uploads\/2020\/08\/07676759ce89675b50e4803f092009f0a98211ea-1564251785-5d3c9689-1920x1280-1.jpg 1024w, https:\/\/manueldelia.com\/wp-content\/uploads\/2020\/08\/07676759ce89675b50e4803f092009f0a98211ea-1564251785-5d3c9689-1920x1280-1-1200x800.jpg 1200w, https:\/\/manueldelia.com\/wp-content\/uploads\/2020\/08\/07676759ce89675b50e4803f092009f0a98211ea-1564251785-5d3c9689-1920x1280-1-1536x1024.jpg 1536w\" sizes=\"(max-width: 1920px) 100vw, 1920px\" \/><\/p>\n<p>Adrian Delia jinsab midjun sa xfar g\u0127ajnejh. Tat-<em>Times of Malta<\/em> fakkruna dwar is-sitwazzjoni finanzjarja mwieg\u0127ra li l-kap tal-oppo\u017cizzjoni sal-lum g\u0127adu fiha. Sitwazzjoni li di\u0121\u00e0 hi mbarazzanti minnha nnifisha. U minkejja dan, qed jag\u0127mel kampanja biex jipprova jibqa&#8217; f&#8217;postu. F&#8217;Malta biss ise\u0127\u0127u affarijiet b\u0127al dawn: l-isku\u017ca li jekk jitlef ser ikun f&#8217;sitwazzjoni ag\u0127ar, ti\u0121\u0121ustifika l-im\u0121ieba tieg\u0127u. Is-salarju li g\u0127andu b\u0127ala kap tal-oppo\u017cizzjoni m&#8217;huwiex bi\u017c\u017cejjed biex i\u0127allas dejnu. Tistg\u0127u timma\u0121inaw kemm is-sitwazzjoni tieg\u0127u tie\u0127u xejra g\u0127all-ag\u0127ar li kieku kellu jitlef dan is-salarju. Jista&#8217; jag\u0127ti l-ka\u017c li, din id-darba, Adrian Delia m&#8217;hu jiddejjaq xejn bid-dettalji li qed ixandru tat-<em>Times of Malta<\/em> tad-dejn li g\u0127andu. Forsi qed jittama li jkun hemm min jit\u0127assru u jivvutalu.<\/p>\n<p>Din l-istorja se\u0127\u0127et tassew.<\/p>\n<p>&nbsp;<\/p>\n<p><img class=\"aligncenter size-full wp-image-93889\" src=\"https:\/\/manueldelia.com\/wp-content\/uploads\/2020\/08\/file-4.jpg\" alt=\"\" width=\"630\" height=\"340\" srcset=\"https:\/\/manueldelia.com\/wp-content\/uploads\/2020\/08\/file-4-200x108.jpg 200w, https:\/\/manueldelia.com\/wp-content\/uploads\/2020\/08\/file-4-300x162.jpg 300w, https:\/\/manueldelia.com\/wp-content\/uploads\/2020\/08\/file-4-400x216.jpg 400w, https:\/\/manueldelia.com\/wp-content\/uploads\/2020\/08\/file-4-600x324.jpg 600w, https:\/\/manueldelia.com\/wp-content\/uploads\/2020\/08\/file-4.jpg 630w\" sizes=\"(max-width: 630px) 100vw, 630px\" \/><\/p>\n<p>Filwaqt li wie\u0127ed ftit jista&#8217; jifhem l-g\u0127aks li g\u0127andu Adrian Delia, minn na\u0127a l-o\u0127ra wie\u0127ed ma jista&#8217; qatt jifhem il-barka t&#8217;Alla li qed ig\u0127ix fiha Joseph Muscat. Uffi\u010bjalment meta spi\u010b\u010ba minn prim ministru, Muscat kellu \u20ac70,000 fil-kont bankarju tieg\u0127u. Martu ilha ma ta\u0127dem snin twal u d\u0127ul tieg\u0127u jidher li jesa&#8217; bir ming\u0127ajr qieg\u0127. L-ilbies lussu\u017c li jilbes jiswa&#8217; \u0127afna aktar minn dak li jista&#8217; jla\u0127\u0127qu mieg\u0127u bosta nies. Il-vaganzi li jie\u0127u ila\u0127\u0127qu mag\u0127hom biss ir-rejiet u l-ir\u0121ejjen. U t-tbissima falza ta&#8217; fuq fommu, hu u jippo\u017ca g\u0127all-<em>Instagram account<\/em> ta&#8217; martu, ma tag\u0127milx g\u0127ajb lill-kirur\u0121i plasti\u010bi ewlenin ta&#8217; New York.<\/p>\n<p>U minkejja dan, i\u0121ib ru\u0127u b\u0127allikieku m&#8217;g\u0127andux g\u0127alxiex juri l-i\u010bken indiema. M&#8217;huwiex l-uniku wie\u0127ed li ja\u0127seb b&#8217;dan il-mod. Kumitat mag\u0127mul minn membri parlamentari g\u0127adu kemm idde\u010bieda li ittra ambigwa li huwa bg\u0127at dwar il-fliexken ta&#8217; nbid fin li kien ir\u010bieva ming\u0127and l-allegat qattiel ta&#8217; Daphne Caruana Galizia\u00a0 &#8211; minkejja li Muscat kien di\u0121\u00e0 jaf li l-pulizija kienet qed tissuspetta fih &#8211; serviet ta&#8217; kastig li kien bi\u017c\u017cejjed.<\/p>\n<p>Din l-istorja se\u0127\u0127et tassew ukoll.<\/p>\n<p>Dawn l-istejjer huma biss kampjun. Ibqg\u0127u \u010berti li fadal \u0127afna aktar.<\/p>\n<p>Kien jing\u0127ad li f&#8217;Malta qatt ma jse\u0127\u0127 xejn f&#8217;Awwissu.<\/p>\n<p>Intix tara!<\/p>\n","protected":false},"excerpt":{"rendered":"<p>L-isforzi li qed nag\u0127mlu biex nibqg\u0127u mqajmin qed iba\u017cwruna. Ix-xokkijiet elettri\u010bi huma meqjusin b\u0127ala metodu ta&#8217; tortura. I\u017cda issa wasalna fi stat li jibda&#8217; jin\u0127ass l-u\u0121ieg\u0127 f&#8217;\u0121isimna hekk kif jieqfu dawn ix-xokkijiet. Dan li \u0121ej huwa biss kampjun tal-\u0121rajjiet li jbell\u0127uk li se\u0127\u0127ew matul din il-\u0121img\u0127a &#8211; \u0121img\u0127a li, b\u0127all-erbat ijiem tal-Milied, s-soltu ma jse\u0127\u0127 [&hellip;]<\/p>\n","protected":false},"author":1,"featured_media":93894,"comment_status":"open","ping_status":"open","sticky":false,"template":"","format":"standard","meta":[],"categories":[54],"tags":[],"_links":{"self":[{"href":"https:\/\/manueldelia.com\/mt\/wp-json\/wp\/v2\/posts\/93898\/"}],"collection":[{"href":"https:\/\/manueldelia.com\/mt\/wp-json\/wp\/v2\/posts\/"}],"about":[{"href":"https:\/\/manueldelia.com\/mt\/wp-json\/wp\/v2\/types\/post\/"}],"author":[{"embeddable":true,"href":"https:\/\/manueldelia.com\/mt\/wp-json\/wp\/v2\/users\/1\/"}],"replies":[{"embeddable":true,"href":"https:\/\/manueldelia.com\/mt\/wp-json\/wp\/v2\/comments\/?post=93898"}],"version-history":[{"count":3,"href":"https:\/\/manueldelia.com\/mt\/wp-json\/wp\/v2\/posts\/93898\/revisions\/"}],"predecessor-version":[{"id":93911,"href":"https:\/\/manueldelia.com\/mt\/wp-json\/wp\/v2\/posts\/93898\/revisions\/93911\/"}],"wp:featuredmedia":[{"embeddable":true,"href":"https:\/\/manueldelia.com\/mt\/wp-json\/wp\/v2\/media\/93894\/"}],"wp:attachment":[{"href":"https:\/\/manueldelia.com\/mt\/wp-json\/wp\/v2\/media\/?parent=93898"}],"wp:term":[{"taxonomy":"category","embeddable":true,"href":"https:\/\/manueldelia.com\/mt\/wp-json\/wp\/v2\/categories\/?post=93898"},{"taxonomy":"post_tag","embeddable":true,"href":"https:\/\/manueldelia.com\/mt\/wp-json\/wp\/v2\/tags\/?post=93898"}],"curies":[{"name":"wp","href":"https:\/\/api.w.org\/{rel}","templated":true}]}}