{"id":94216,"date":"2020-08-31T15:01:47","date_gmt":"2020-08-31T13:01:47","guid":{"rendered":"https:\/\/manueldelia.com\/?p=94216"},"modified":"2020-08-31T21:33:12","modified_gmt":"2020-08-31T19:33:12","slug":"imhuh-korrotti","status":"publish","type":"post","link":"https:\/\/manueldelia.com\/mt\/2020\/08\/imhuh-korrotti\/","title":{"rendered":"Im\u0127u\u0127 korrotti"},"content":{"rendered":"<p><img class=\"aligncenter size-full wp-image-94177\" src=\"https:\/\/manueldelia.com\/wp-content\/uploads\/2020\/08\/jpb_8462-1.jpg\" alt=\"\" width=\"684\" height=\"456\" srcset=\"https:\/\/manueldelia.com\/wp-content\/uploads\/2020\/08\/jpb_8462-1-200x133.jpg 200w, https:\/\/manueldelia.com\/wp-content\/uploads\/2020\/08\/jpb_8462-1-300x200.jpg 300w, https:\/\/manueldelia.com\/wp-content\/uploads\/2020\/08\/jpb_8462-1-400x267.jpg 400w, https:\/\/manueldelia.com\/wp-content\/uploads\/2020\/08\/jpb_8462-1-600x400.jpg 600w, https:\/\/manueldelia.com\/wp-content\/uploads\/2020\/08\/jpb_8462-1.jpg 684w\" sizes=\"(max-width: 684px) 100vw, 684px\" \/><\/p>\n<p>Waqt li kien qed ji\u0121i intervistat fuq programm televi\u017civ, Robert Arrigo \u201coffra l-kariga ta&#8217; Deputat Kap\u201d tal-PN lil Bernard Grech kemm il-darba dan tal-a\u0127\u0127ar jirtira mit-ti\u0121rija biex jin\u0127atar Kap tal-PN. Jaqaw Robert Arrigo \u0127aseb li qed jinnegozja xi trasferiment ta&#8217; <em>players<\/em> tal-futbol tal-klabb l-antik tieg\u0127u?<\/p>\n<p>Robert Arrigo jokkupa l-po\u017cizzjoni ta&#8217; deputat kap tal-Partit Nazzjonalista bis-sa\u0127\u0127a tal-fatt li kien \u0121ie elett f&#8217;din il-kariga. G\u0127alkemm jokkupa din il-kariga, ma sarx is-sid tag\u0127ha u ma jistax jinnegozjaha jekk ma jkunx irid jibqa&#8217; jokkupaha jew g\u0127aliex ikun irid ipartatha ma xi \u0127a\u0121&#8217;o\u0127ra li tkun aktar g\u0127al qalbu.<\/p>\n<p>Ma nimma\u0121inax li l-inkwilini tal-proprjetajiet ta&#8217; Robert Arrigo g\u0127andhom l-g\u0127a\u017cla li jbieg\u0127u l-appartament mikri lilhom biex ikunu jistg\u0127u jixtru dar akbar g\u0127alihom.<\/p>\n<p>Jekk Robert Arrigo mhux kuntent bil-kariga li g\u0127andu, jista&#8217; jwarrab biex b&#8217;hekk l-img\u0127allem tieg\u0127u (l-istruttura tal-partit li g\u0127andha s-setg\u0127a li ta\u0127tar id-deputati mexxejja) ikun jista&#8217; ja\u0127tar lil \u0127addie\u0127or.<\/p>\n<p>Ma nimma\u0121inax li l-impjegati ta&#8217; Robert Arrigo g\u0127andhom is-setg\u0127a li jbieg\u0127u l-impjieg tag\u0127hom lil min ikunu jridu jekk dawn ikunu jridu jimpjegaw ru\u0127hom band&#8217;o\u0127ra.<\/p>\n<p>Robert Arrigo mhux biss qed jipprova jsarraf \u0127atra politika. Qed jipprova jinnegozjaha bil-g\u0127an li jolqot mira politika: l-konferma ta&#8217; Adrian Delia b\u0127ala Kap tal-PN. Din m&#8217;hi xejn \u0127lief korruzzjoni. Robert Arrigo ma jifhimx li din hi korruzzjoni. U ming\u0127alih li m&#8217;hemm xejn \u0127a\u017cin li jag\u0127mel offerta korrotta b\u0127al din minn fuq it-televi\u017cjoni.<\/p>\n<p>G\u0127andu mnejn li l-PN jinsab fil-pro\u010bess li ja\u0127tar mexxej \u0121did.<\/p>\n<p>I\u017cda huwa \u010bar li l-PN ikun fadallu x&#8217;jag\u0127mel biex jippre\u017centa ru\u0127u b\u0127ala gvern alternattiv g\u0127ad-di\u017castru u t-tifrik li \u0127alla warajh Joseph Muscat.<\/p>\n","protected":false},"excerpt":{"rendered":"<p>Waqt li kien qed ji\u0121i intervistat fuq programm televi\u017civ, Robert Arrigo \u201coffra l-kariga ta&#8217; Deputat Kap\u201d tal-PN lil Bernard Grech kemm il-darba dan tal-a\u0127\u0127ar jirtira mit-ti\u0121rija biex jin\u0127atar Kap tal-PN. Jaqaw Robert Arrigo \u0127aseb li qed jinnegozja xi trasferiment ta&#8217; players tal-futbol tal-klabb l-antik tieg\u0127u? Robert Arrigo jokkupa l-po\u017cizzjoni ta&#8217; deputat kap tal-Partit Nazzjonalista bis-sa\u0127\u0127a [&hellip;]<\/p>\n","protected":false},"author":1,"featured_media":94178,"comment_status":"open","ping_status":"open","sticky":false,"template":"","format":"standard","meta":[],"categories":[54],"tags":[],"_links":{"self":[{"href":"https:\/\/manueldelia.com\/mt\/wp-json\/wp\/v2\/posts\/94216\/"}],"collection":[{"href":"https:\/\/manueldelia.com\/mt\/wp-json\/wp\/v2\/posts\/"}],"about":[{"href":"https:\/\/manueldelia.com\/mt\/wp-json\/wp\/v2\/types\/post\/"}],"author":[{"embeddable":true,"href":"https:\/\/manueldelia.com\/mt\/wp-json\/wp\/v2\/users\/1\/"}],"replies":[{"embeddable":true,"href":"https:\/\/manueldelia.com\/mt\/wp-json\/wp\/v2\/comments\/?post=94216"}],"version-history":[{"count":1,"href":"https:\/\/manueldelia.com\/mt\/wp-json\/wp\/v2\/posts\/94216\/revisions\/"}],"predecessor-version":[{"id":94217,"href":"https:\/\/manueldelia.com\/mt\/wp-json\/wp\/v2\/posts\/94216\/revisions\/94217\/"}],"wp:featuredmedia":[{"embeddable":true,"href":"https:\/\/manueldelia.com\/mt\/wp-json\/wp\/v2\/media\/94178\/"}],"wp:attachment":[{"href":"https:\/\/manueldelia.com\/mt\/wp-json\/wp\/v2\/media\/?parent=94216"}],"wp:term":[{"taxonomy":"category","embeddable":true,"href":"https:\/\/manueldelia.com\/mt\/wp-json\/wp\/v2\/categories\/?post=94216"},{"taxonomy":"post_tag","embeddable":true,"href":"https:\/\/manueldelia.com\/mt\/wp-json\/wp\/v2\/tags\/?post=94216"}],"curies":[{"name":"wp","href":"https:\/\/api.w.org\/{rel}","templated":true}]}}