{"id":94332,"date":"2020-09-07T07:54:46","date_gmt":"2020-09-07T05:54:46","guid":{"rendered":"https:\/\/manueldelia.com\/?p=94332"},"modified":"2020-09-07T07:54:46","modified_gmt":"2020-09-07T05:54:46","slug":"robert-abela-qabez-darbtejn","status":"publish","type":"post","link":"https:\/\/manueldelia.com\/mt\/2020\/09\/robert-abela-qabez-darbtejn\/","title":{"rendered":"Robert Abela qabe\u017c darbtejn"},"content":{"rendered":"<p><img class=\"aligncenter wp-image-94313 size-full\" src=\"https:\/\/manueldelia.com\/wp-content\/uploads\/2020\/09\/muscatabela.jpg\" alt=\"\" width=\"684\" height=\"454\" srcset=\"https:\/\/manueldelia.com\/wp-content\/uploads\/2020\/09\/muscatabela-200x133.jpg 200w, https:\/\/manueldelia.com\/wp-content\/uploads\/2020\/09\/muscatabela-300x199.jpg 300w, https:\/\/manueldelia.com\/wp-content\/uploads\/2020\/09\/muscatabela-400x265.jpg 400w, https:\/\/manueldelia.com\/wp-content\/uploads\/2020\/09\/muscatabela-600x398.jpg 600w, https:\/\/manueldelia.com\/wp-content\/uploads\/2020\/09\/muscatabela.jpg 684w\" sizes=\"(max-width: 684px) 100vw, 684px\" \/><\/p>\n<p>Fi spazju ta\u2019\u00a024\u00a0sieg\u0127a,\u00a0Robert Abela\u00a0darbtejn qabe\u017c il-limiti tas-setg\u0127a li g\u0127andu b\u0127ala prim ministru u dan bil-g\u0127an li j\u0127ares l-interessi politi\u010bi u l-interessi personali tal-mexxej ta\u2019 qablu. Jidher \u010bar li l-interessi ta\u2019\u00a0Joseph Muscat\u00a0u l-interessi politi\u010bi ta\u2019\u00a0Robert Abela\u00a0huma \u0127a\u0121a wa\u0127da u ma jistg\u0127ux jinfirdu minn xulxin. Jekk\u00a0Joseph Muscat\u00a0ji\u0121i personalment mixli dwar it-twettiq ta\u2019 delitti jew ji\u0121i dikjarat responsabbli g\u0127all-falliment tal-istat sakemm dam imexxi l-pajji\u017c, Robert Abela\u00a0se jkun meqjus responsabbli politikament talli tah il-kenn matul dan i\u017c-\u017cmien kollu. F\u2019dan kollu,\u00a0Robert Abela\u00a0m\u2019g\u0127andux g\u0127a\u017cla.<\/p>\n<p>Araw ftit x\u2019iwie\u0121eb Robert Abela kull darba li tin\u0121ibidlu l-attenzjoni dwar il-fatt li Joseph Muscat g\u0127adu sal-lum membru tal-grupp parlamentari tal-Labour. Ig\u0127idilna li\u00a0<a href=\"https:\/\/www.illum.com.mt\/ahbarijiet\/politika\/60309\/joseph_muscat_mhuwiex_qed_jii_investigat_imma_jekk_ikun_hemm_bonn_nieu_deijoni_neodha#.X1N75WczY1K\">l-eks\u00a0prim ministru\u00a0\u201cmhux qed ji\u0121i investigat\u201d<\/a>.\u00a0Din l-istqarrija kategorika ma jistax ikun li hi msejsa biss fuq dak li huwa mag\u0127ruf pubblikament.<\/p>\n<p>Li hi mag\u0127rufa pubblikament hi l-istqarrija li saret fil-qorti mill-uffi\u010bjal investigatur tal-pulizija responsabbli mill-omi\u010bidji fis-sens li huwa kien interroga ta\u0127t kawtela lil\u00a0Joseph Muscat\u00a0b\u2019rabta mal-qtil ta\u2019\u00a0Daphne Caruana Galizia.\u00a0Li hi wkoll pubblikament mag\u0127rufa hi l-ver\u017cjoni ta\u2019\u00a0Joseph Muscat\u00a0dwar dak li qalulu l-pulizija fil-mag\u0127luq fis-sens li hu m\u2019huwiex ta\u0127t investigazzjoni.<\/p>\n<p>Fuq dan biss, \u0127add ma jista\u2019 jasal g\u0127all-konklu\u017cjoni b\u2019\u010bertezza li\u00a0Joseph Muscat\u00a0mhux qed ji\u0121i investigat.<\/p>\n<p>Dan ifisser li l-istqarrija ta\u2019\u00a0Robert Abela\u00a0qed iserra\u0127 fuq informazzjoni li waslitlu direttament mill-investigazzjoni. Informazzjoni li mhux suppost tinsab f\u2019idejh g\u0127aliex hu m\u2019huwiex uffi\u010bjal tal-pulizija u l-assassinju ta\u2019\u00a0Daphne Caruana Galizia\u00a0g\u0127andu effett dirett fuq l-im\u0121ieba tal-kollegi parlamentari tieg\u0127u.\u00a0Prim\u00a0Ministru\u00a0m\u2019g\u0127andu qatt ideffes imnie\u0127ru f\u2019investigazzjoni kriminali, b\u2019mod partikolari f\u2019investigazzjoni kriminali b\u0127al din.<\/p>\n<p>Fil-qorti nkixfet u baqg\u0127et tinkixef il-\u0127sara li saret bis-sa\u0127\u0127a tal-ind\u0127il ta\u2019\u00a0Joseph Muscat\u00a0fl-investigazzjoni. Dan kien jing\u0127ata informazzjoni minn uffi\u010bjali tal-pulizija, liema informazzjoni kienet imbag\u0127ad tispi\u010b\u010ba f\u2019idejn persuni li l-pulizija eventwalment kellha tixliehom bil-qtil.\u00a0Dan huwa fatt li rri\u017culta b\u2019mod \u010bar.\u00a0Smajna wkoll xhieda jistqarru li g\u0127al\u00a0Joseph Muscat\u00a0dan ma kienx bi\u017c\u017cejjed: kien ukoll jitkellem ma\u2019 \u010berti persuni dwar provi li ma kienux f\u2019idejn il-pulizija u liema provi kien je\u0127tie\u0121 li ji\u0121u w\u017cati kontra dawn it-talin.<\/p>\n<p>Dan kollu smajnieh u\u00a0Joseph Muscat\u00a0\u0121ie interrogat ta\u0127t kawtela dwar dak li smajna.<\/p>\n<p>G\u0127aldaqstant ir-rimarki li g\u0127adda l-prim ministru\u00a0dwar il-po\u017cizzjoni ta\u2019\u00a0Joseph Muscat\u00a0ma kienu xejn \u0127lief azzjoni ta\u2019 nd\u0127il fil-pro\u010bess ta\u2019 investigazzjoni kriminali.\u00a0F\u2019Jannar li g\u0127adda, kienu wieg\u0127duna li ma kienux ser jibqg\u0127u jinda\u0127lu.\u00a0Kienu qalulna li ser jintag\u0127\u017cel kummissarju tal-pulizija \u0121did ming\u0127ajr ind\u0127il mill-gvern u dan biex ti\u0121i assigurata l-indipendenza tal-pulizija.<\/p>\n<p>U minkejja dan, b\u0127al fi \u017cmien\u00a0Lawrence Cutajar,\u00a0il-kummissarju tal-pulizija baqa\u2019 sieket hekk kif il-prim ministru pprova jserr\u0127ilna rasna li s\u0127abu m\u2019g\u0127andhom x\u2019jaqsmu xejn.<\/p>\n<p>Dan it-tip ta\u2019 abbu\u017c ta\u2019 poter g\u0127andu ji\u0121i mg\u0127arbel mill-inkjesta pubblika indipendenti dwar il-qtil ta\u2019\u00a0Daphne Caruana Galizia.\u00a0G\u0127alkemm strettament m\u2019g\u0127andhiex x\u2019taqsam mal-investigazzjoni kriminali fil-konfront ta\u2019 dawk li \u0121ew mixlija s\u2019issa, din il-kwistjoni hi rilevanti g\u0127aliex tittratta dwar mistoqsija li tinbet mit-termini ta\u2019 riferenza tal-inkjesta: ji\u0121ifieri, l-istat qieg\u0127ed jag\u0127mel dak kollu li hu mistenni minnu u li hu me\u0127tie\u0121 biex jassikura li f\u2019dan il-ka\u017c issir il-\u0121ustizzja?<\/p>\n<p>Robert Abela sa\u0127ansitra qieg\u0127ed jinda\u0127al fl-inkjesta nnifisha. Lill-membri tal-istampa qalilhom li\u00a0l-inkjesta g\u0127andha tisma\u2019 x-xhieda rilevanti li fadal u g\u0127andha tintemm sal-15 ta\u2019 Di\u010bembru.\u00a0Lill-Im\u0127allfin tal-bord tal-inkjesta fakkarhom li fl-Universit\u00e0 kienu g\u0127allmuh li g\u0127andhom jinstemg\u0127u xhieda rilevanti biss fi pro\u010beduri \u0121udizzjarji u li l-istess pro\u010bess m\u2019g\u0127andux jitwal i\u017c\u017cejjed.<\/p>\n<p>Dak li stqarr il-prim ministru m\u2019huwiex korrett g\u0127al diversi ra\u0121unijiet.<\/p>\n<p>Robert Abela\u00a0ma jistax pubblikament jaqbad u jimponi fuq il-bord il-fehma tieg\u0127u dwar dak li jidhirlu huma xhieda rilevanti u dawk li m\u2019humiex. X\u2019inhu rilevanti u x\u2019mhux ma jidde\u010bidie\u0127x hu. \u010aertament g\u0127andu dritt g\u0127all-fehma tieg\u0127u \u2013 kif g\u0127andna dritt ilkoll kemm a\u0127na \u2013 u wie\u0127ed jista\u2019 forsi jsostni li fir-rwol tieg\u0127u b\u0127ala prim ministru tal-gvern g\u0127andu kull dritt jesprimi fehemtu. I\u017cda \u0121aladarba l-bord qieg\u0127ed ig\u0127arbel l-im\u0121ieba tal-gvern tieg\u0127u, kien ikun a\u0127jar li kieku sadd \u0127alqu. I\u017cda dan mhux qieg\u0127ed jesprimi l-fehma tieg\u0127u biss. Qieg\u0127ed ukoll jidde\u010biedi li l-inkjesta g\u0127andha tintemm fi \u017cmien qasir u b\u2019hekk jit\u0127allew barra \u010berti xhieda meqjusin b\u0127ala rilevanti li l-bord ikun jixtieq li jixhdu quddiemu.<\/p>\n<p>Skont it-termini ta\u2019 riferenza tal-inkjesta, il-bord jista\u2019 jimra\u0127 lil hinn mill-iskop dejjaq tal-mistoqsija:\u00a0\u201cmin qatel lil\u00a0Daphne?\u201d.\u00a0Is-su\u0121\u0121etti tal-inkjesta huma l-allegati nuqqasijiet tal-istat kemm qabel kif ukoll wara li se\u0127\u0127 l-assassinju. Hi nkjesta dwar il-kaw\u017ci strutturali li jinsabu aktar fil-fond mill-motivi dojoq tad-delitt. Huwa dmir tal-investigazzjoni kriminali li jistabilixxi l-motiv billi jipprova jifhem ir-ra\u0121uni g\u0127ala\u00a0Yorgen Fenech\u00a0kien inkwetat, irritat u rrabjat g\u0127all-fatt li\u00a0Daphne\u00a0kellha f\u2019idejha informazzjoni li \u0121iet mg\u0127oddija lilha dwar il-kuntratt tal-Electrogas.\u00a0I\u017cda mbag\u0127ad sta g\u0127all-inkjesta indipendenti li tistabilixxi kif saret possibbli l-korruzzjoni fil-kuntratt tal-Electrogas\u00a0u l-g\u0127ala kienu tg\u0127attew tant xtur g\u0127al dan i\u017c-\u017cmien kollu sa issa.<\/p>\n<p>L-inkjesta indipendenti ma tammontax g\u0127al pro\u010bess \u0121udizzjarju minkejja l-fatt li hi presjeduta minn tliet im\u0127allfin u qed jinstemg\u0127u x-xhieda fil-qorti. Xog\u0127ol l-im\u0127allfin tal-inkjesta hu li jistabilixxu l-fatti u dawn g\u0127andhom jing\u0127ataw i\u017c-\u017cmien kollu li je\u0127tie\u0121u biex ikunu f\u2019po\u017cizzjoni li jistabilixxu l-fatti kollha.<\/p>\n<p>Minn meta \u2018l hawn li\u00a0Robert Abela\u00a0bdiet tog\u0127rku g\u0127ajnu dwar it-tul ta\u2019 \u017cmien li jie\u0127du l-investigazzjonijiet f\u2019pajji\u017cna? Il-ma\u0121istrati u l-uffi\u010bjali tal-pulizija ilhom aktar minn 4 snin bil-provi f\u2019idejhom dwar il-Panama Papers.\u00a0Lil\u00a0Robert Abela\u00a0qatt ma smajtu jimponilhom \u017cmien biex ilestu.\u00a0U ninsab \u010bert li qatt m\u2019jien ser nisimg\u0127u ilissem xi diskors f\u2019dan is-sens. Dan jikkuntrasta ferm mal-\u0127erqa kbira li g\u0127andu biex iwaqqaf l-inkjesta dwar il-qtil ta\u2019 Daphne, inkjesta li qed tikxef borma wara o\u0127ra kemm g\u0127alih u kif ukoll g\u0127al s\u0127abu.<\/p>\n<p>L-istqarrija li g\u0127amel Robert Abela fis-sens li\u00a0Joseph Muscat\u00a0mhuwiex su\u0121\u0121ett ta\u2019 investigazzjoni kriminali mill-pulizija hi e\u017cempju ie\u0127or ta\u2019 gvern li jipprova jo\u0127noq lill-istituzzjonijiet indipendenti tal-pajji\u017c meta dawn jibdew jirfsulu l-kallijiet.<\/p>\n<p>L-inkjesta tnediet bis-sa\u0127\u0127a tal-Att dwar l-Inkjesti. Dan ifisser li l-prim ministru\u00a0g\u0127andu dritt li jimponi data li fiha g\u0127andha tintemm l-inkjesta. Din hi diskrezzjoni abbu\u017caw minnha kemm Joseph Muscat kif ukoll il-prim ministru pre\u017centi bil-g\u0127an li j\u0127arsu l-interessi tag\u0127hom.\u00a0Huwa \u010bar li l-prim ministru qed jisfrutta l-fatt li f\u2019Malta\u00a0m\u2019g\u0127andniex li\u0121i apposta li tirregola t-tnedija ta\u2019 investigazzjoni indipendenti dwar l-im\u0121ieba tal-gvern u qed ji\u0121i jaqa\u2019 u jqum minn prin\u010bipju ewlieni tal-li\u0121i: ji\u0121ifieri d-dritt fundamentali g\u0127all-\u0127ajja li \u0121ie mi\u010b\u0127ud dakinhar li nqatlet\u00a0Daphne. Dritt li qed ikompli ji\u0121i mi\u010b\u0127ud bis-sa\u0127\u0127a ta\u2019 dan l-ind\u0127il abbu\u017civ.<\/p>\n<p>Dan kollu g\u0127aliex il-prim ministru g\u0127andu dritt legali li jtemm inkjesta ma jfissirx li g\u0127andu jaqbad din it-triq. Il-problema tinsab fis-sa\u0127\u0127a legali. Joseph Muscat kellu dritt li ja\u0127tar il-ba\u017cu\u017cli fil-\u0121udikatura i\u017cda dawn il-\u0127atriet xorta wa\u0127da kienu jammotaw g\u0127al abbu\u017c anti-demokratiku.<\/p>\n<p>Robert Abela\u00a0\u017celaq fin-niexef darbtejn. U fi\u017c-\u017cew\u0121 drabi li \u017celaq wera\u2019 li kien be\u017cg\u0127an li l-verit\u00e0 dwar l-assassinju ta\u2019\u00a0Daphne Caruana Galizia\u00a0kienet ser to\u0127loq problemi g\u0127alih u g\u0127all-gvern tieg\u0127u.\u00a0Hu fatt ironiku li, kieku l-inkjesta indipendenti kellha tit\u0127alla ta\u0127dem ming\u0127ajr xkiel, kien ikollha tinvestiga r-ra\u0121unijiet il-g\u0127ala\u00a0Robert Abela\u00a0qed jipprova jwaqqafha.\u00a0G\u0127aliex ir-realt\u00e0 hi li l-bord tal-inkjesta jinsab fid-dmir li jistabilixxi jekk l-istat g\u0127enx jew le biex ise\u0127\u0127 \u0121ustizzja g\u0127al\u00a0Daphne.\u00a0U jekk iwaqqaf inkjesta qabel \u017cmienha, Robert Abela jkun qed i\u010ba\u0127\u0127ad il-\u0121ustizzja milli sse\u0127\u0127.<\/p>\n<p>Paragunat ma\u2019 Joseph Muscat, Robert Abela huwa i\u017cg\u0127ar fl-et\u00e0. Huwa itwal u l-muskoli ta\u2019 \u0121ismu huma akbar.<\/p>\n<p>I\u017cda jidher li l-mazz baqa\u2019 f\u2019idejn Joseph Muscat.<\/p>\n","protected":false},"excerpt":{"rendered":"<p>Fi spazju ta\u2019\u00a024\u00a0sieg\u0127a,\u00a0Robert Abela\u00a0darbtejn qabe\u017c il-limiti tas-setg\u0127a li g\u0127andu b\u0127ala prim ministru u dan bil-g\u0127an li j\u0127ares l-interessi politi\u010bi u l-interessi personali tal-mexxej ta\u2019 qablu. Jidher \u010bar li l-interessi ta\u2019\u00a0Joseph Muscat\u00a0u l-interessi politi\u010bi ta\u2019\u00a0Robert Abela\u00a0huma \u0127a\u0121a wa\u0127da u ma jistg\u0127ux jinfirdu minn xulxin. Jekk\u00a0Joseph Muscat\u00a0ji\u0121i personalment mixli dwar it-twettiq ta\u2019 delitti jew ji\u0121i dikjarat responsabbli [&hellip;]<\/p>\n","protected":false},"author":1,"featured_media":94314,"comment_status":"open","ping_status":"open","sticky":false,"template":"","format":"standard","meta":[],"categories":[54],"tags":[],"_links":{"self":[{"href":"https:\/\/manueldelia.com\/mt\/wp-json\/wp\/v2\/posts\/94332\/"}],"collection":[{"href":"https:\/\/manueldelia.com\/mt\/wp-json\/wp\/v2\/posts\/"}],"about":[{"href":"https:\/\/manueldelia.com\/mt\/wp-json\/wp\/v2\/types\/post\/"}],"author":[{"embeddable":true,"href":"https:\/\/manueldelia.com\/mt\/wp-json\/wp\/v2\/users\/1\/"}],"replies":[{"embeddable":true,"href":"https:\/\/manueldelia.com\/mt\/wp-json\/wp\/v2\/comments\/?post=94332"}],"version-history":[{"count":1,"href":"https:\/\/manueldelia.com\/mt\/wp-json\/wp\/v2\/posts\/94332\/revisions\/"}],"predecessor-version":[{"id":94333,"href":"https:\/\/manueldelia.com\/mt\/wp-json\/wp\/v2\/posts\/94332\/revisions\/94333\/"}],"wp:featuredmedia":[{"embeddable":true,"href":"https:\/\/manueldelia.com\/mt\/wp-json\/wp\/v2\/media\/94314\/"}],"wp:attachment":[{"href":"https:\/\/manueldelia.com\/mt\/wp-json\/wp\/v2\/media\/?parent=94332"}],"wp:term":[{"taxonomy":"category","embeddable":true,"href":"https:\/\/manueldelia.com\/mt\/wp-json\/wp\/v2\/categories\/?post=94332"},{"taxonomy":"post_tag","embeddable":true,"href":"https:\/\/manueldelia.com\/mt\/wp-json\/wp\/v2\/tags\/?post=94332"}],"curies":[{"name":"wp","href":"https:\/\/api.w.org\/{rel}","templated":true}]}}