{"id":94487,"date":"2020-09-11T12:37:42","date_gmt":"2020-09-11T10:37:42","guid":{"rendered":"https:\/\/manueldelia.com\/?p=94487"},"modified":"2020-09-11T13:27:15","modified_gmt":"2020-09-11T11:27:15","slug":"harsa-li-titkellem-wahidha","status":"publish","type":"post","link":"https:\/\/manueldelia.com\/mt\/2020\/09\/harsa-li-titkellem-wahidha\/","title":{"rendered":"\u0126arsa li titkellem wa\u0127idha"},"content":{"rendered":"<p>Dalg\u0127odu Louis Grech qal li l-<em>Panama Papers<\/em> &#8220;ma kienux a\u010b\u010bettabbli&#8221; g\u0127all-gvern Laburista. <a href=\"https:\/\/www.maltatoday.com.mt\/news\/court_and_police\/104658\/caruana_galizia_public_inquiry_former_deputy_prime_minister_louis_grech_to_testify#.X1tDNmczY1I\" target=\"_blank\" rel=\"noopener noreferrer\">Skont il-<em>MaltaToday<\/em>, Louis Grech qal:<\/a> &#8220;G\u0127amilna \u0127afna \u0121id u wettaqna l-manifest u ksibna drittijiet \u010bivili. M&#8217;g\u0127andhomx jissemmew biss l-aspetti negattivi i\u017cda dawk po\u017cittivi wkoll. Iva ma kienux a\u010b\u010bettabbli. Konrad Mizzi u Keith Schembri \u0127olqu problemi enormi. Kont kellimt lil Mizzi li kien we\u0121ibni li kien g\u0127amel xi \u0127a\u0121a etikament skorretta i\u017cda li ma kienitx legalment skorretta\u201d.<\/p>\n<p>Jekk kienet \u0127a\u0121a etikment skorretta, g\u0127amel \u0127a\u017cin li ma tkellimx. B&#8217;diskors b\u0127al &#8220;ma naf xejn&#8221;, &#8220;ma kontx fil-kabinett tal-k\u010bina&#8221;, &#8220;Joseph Muscat idde\u010bieda wa\u0127du&#8221;, Louis Grech m&#8217;g\u0127amel xejn \u0127lief irredikola ru\u0127u. Allura x&#8217;kien hemm li ma kienx a\u010b\u010bettabbli? Il-fatt li Konrad Mizzi (u Keith Schembri) \u0127olqu l-kumpanniji sigrieti fil-Panama jew g\u0127aliex kienu nqabdu?<\/p>\n<p>Biex kien inkwetat Louis Grech dak i\u017c-\u017cmien? Bid-delitt kriminali li kien se\u0127\u0127 jew bil-fatt li kienu nqabdu?<\/p>\n<p>Meta nkixfu l-Panama Papers, l-Oppo\u017cizzjoni kienet sejj\u0127et g\u0127ar-ri\u017cenja ta&#8217; Konrad Mizzi. U Joseph Muscat, biex jiddefendih, kien laqqa&#8217; l-Konferenza \u0120enerali tal-Labour. <a href=\"https:\/\/www.youtube.com\/watch?v=vM6X1sMGzo8\" target=\"_blank\" rel=\"noopener noreferrer\">Tistg\u0127u ssegwu hawn estratt mid-diskors ta&#8217; Konrad Mizzi dakinhar.<\/a><\/p>\n<p><a href=\"https:\/\/daphnecaruanagalizia.com\/2017\/03\/fast-forward-627-see-look-passes-muscat-louis-grech\/\" target=\"_blank\" rel=\"noopener noreferrer\">Daphne Caruana Galizia kienet segwiet id-diskors u l-g\u0127ajnejn ta&#8217; seqer li kellha lem\u0127u l-\u0127arsa fuq l-u\u010bu\u0127 ta&#8217; Joseph Muscat u ta&#8217; Louis Grech hekk kif \u0121ew g\u0127ajn m&#8217;g\u0127ajn.<\/a><\/p>\n<p>&nbsp;<\/p>\n<p><img class=\"aligncenter size-full wp-image-94481\" src=\"https:\/\/manueldelia.com\/wp-content\/uploads\/2020\/09\/WhatsApp-Image-2020-09-11-at-12.11.05.jpeg\" alt=\"\" width=\"1600\" height=\"739\" srcset=\"https:\/\/manueldelia.com\/wp-content\/uploads\/2020\/09\/WhatsApp-Image-2020-09-11-at-12.11.05-200x92.jpeg 200w, https:\/\/manueldelia.com\/wp-content\/uploads\/2020\/09\/WhatsApp-Image-2020-09-11-at-12.11.05-300x139.jpeg 300w, https:\/\/manueldelia.com\/wp-content\/uploads\/2020\/09\/WhatsApp-Image-2020-09-11-at-12.11.05-400x185.jpeg 400w, https:\/\/manueldelia.com\/wp-content\/uploads\/2020\/09\/WhatsApp-Image-2020-09-11-at-12.11.05-600x277.jpeg 600w, https:\/\/manueldelia.com\/wp-content\/uploads\/2020\/09\/WhatsApp-Image-2020-09-11-at-12.11.05-768x355.jpeg 768w, https:\/\/manueldelia.com\/wp-content\/uploads\/2020\/09\/WhatsApp-Image-2020-09-11-at-12.11.05-800x370.jpeg 800w, https:\/\/manueldelia.com\/wp-content\/uploads\/2020\/09\/WhatsApp-Image-2020-09-11-at-12.11.05.jpeg 1024w, https:\/\/manueldelia.com\/wp-content\/uploads\/2020\/09\/WhatsApp-Image-2020-09-11-at-12.11.05-1200x554.jpeg 1200w, https:\/\/manueldelia.com\/wp-content\/uploads\/2020\/09\/WhatsApp-Image-2020-09-11-at-12.11.05-1536x709.jpeg 1536w\" sizes=\"(max-width: 1600px) 100vw, 1600px\" \/><\/p>\n<p>Dik il-\u0127arsa ma kienix tfisser\u00a0 &#8220;ma naf xejn&#8221;, jew &#8220;din mhix a\u010b\u010bettabbli&#8221;, jew &#8220;din etikament skorretta&#8221;. Ma nkunux nafu xi jkun g\u0127addej minn ta\u0127t il-mejda i\u017cda, kif darba stqarr poeta mill-Kolombja, &#8220;il-\u0121enbejn ma jigdbux&#8221;.<\/p>\n<p>B&#8217;\u0127arsithom riedu jg\u0127idu &#8220;ser jirnexxielna ng\u0127adduha lixxa&#8221;.<\/p>\n<p>M&#8217;g\u0127addejtuhiex lixxa, Louis. U din kienet ir-ra\u0121uni g\u0127all-assassinju ta&#8217; Daphne. U issa ser jg\u0127arralek jekk ming\u0127alik li \u0127arstek ser twassal biex Joseph Muscat, Konrad Mizzi, Brian Tonna, Keith Schembri u l-bqija tal-kon\u0121uristi &#8211; li mag\u0127hom int \u0127awwadt fil-borma &#8211; jer\u0121g\u0127u jg\u0127adduha lixxa g\u0127al darb&#8217;o\u0127ra.<\/p>\n","protected":false},"excerpt":{"rendered":"<p>Dalg\u0127odu Louis Grech qal li l-Panama Papers &#8220;ma kienux a\u010b\u010bettabbli&#8221; g\u0127all-gvern Laburista. Skont il-MaltaToday, Louis Grech qal: &#8220;G\u0127amilna \u0127afna \u0121id u wettaqna l-manifest u ksibna drittijiet \u010bivili. M&#8217;g\u0127andhomx jissemmew biss l-aspetti negattivi i\u017cda dawk po\u017cittivi wkoll. Iva ma kienux a\u010b\u010bettabbli. Konrad Mizzi u Keith Schembri \u0127olqu problemi enormi. Kont kellimt lil Mizzi li kien we\u0121ibni [&hellip;]<\/p>\n","protected":false},"author":1,"featured_media":94482,"comment_status":"open","ping_status":"open","sticky":false,"template":"","format":"standard","meta":[],"categories":[54],"tags":[],"_links":{"self":[{"href":"https:\/\/manueldelia.com\/mt\/wp-json\/wp\/v2\/posts\/94487\/"}],"collection":[{"href":"https:\/\/manueldelia.com\/mt\/wp-json\/wp\/v2\/posts\/"}],"about":[{"href":"https:\/\/manueldelia.com\/mt\/wp-json\/wp\/v2\/types\/post\/"}],"author":[{"embeddable":true,"href":"https:\/\/manueldelia.com\/mt\/wp-json\/wp\/v2\/users\/1\/"}],"replies":[{"embeddable":true,"href":"https:\/\/manueldelia.com\/mt\/wp-json\/wp\/v2\/comments\/?post=94487"}],"version-history":[{"count":3,"href":"https:\/\/manueldelia.com\/mt\/wp-json\/wp\/v2\/posts\/94487\/revisions\/"}],"predecessor-version":[{"id":94494,"href":"https:\/\/manueldelia.com\/mt\/wp-json\/wp\/v2\/posts\/94487\/revisions\/94494\/"}],"wp:featuredmedia":[{"embeddable":true,"href":"https:\/\/manueldelia.com\/mt\/wp-json\/wp\/v2\/media\/94482\/"}],"wp:attachment":[{"href":"https:\/\/manueldelia.com\/mt\/wp-json\/wp\/v2\/media\/?parent=94487"}],"wp:term":[{"taxonomy":"category","embeddable":true,"href":"https:\/\/manueldelia.com\/mt\/wp-json\/wp\/v2\/categories\/?post=94487"},{"taxonomy":"post_tag","embeddable":true,"href":"https:\/\/manueldelia.com\/mt\/wp-json\/wp\/v2\/tags\/?post=94487"}],"curies":[{"name":"wp","href":"https:\/\/api.w.org\/{rel}","templated":true}]}}