{"id":94678,"date":"2020-09-17T11:28:49","date_gmt":"2020-09-17T09:28:49","guid":{"rendered":"https:\/\/manueldelia.com\/?p=94678"},"modified":"2020-09-17T12:23:41","modified_gmt":"2020-09-17T10:23:41","slug":"ghada-jmiss-lil-owen","status":"publish","type":"post","link":"https:\/\/manueldelia.com\/mt\/2020\/09\/ghada-jmiss-lil-owen\/","title":{"rendered":"G\u0127ada jmiss lil Owen"},"content":{"rendered":"<p>G\u0127ada mistenni li jixhed Owen Bonnici quddiem il-bord tal-inkjesta dwar il-qtil ta&#8217; Daphne Caruana Galizia.<\/p>\n<p>Jista&#8217; jag\u0127ti l-ka\u017c li ser ikollu jispjega l-g\u0127ala kuljum kien ji\u010b\u010bensura l-protesti li kienu jsiru fil-Belt Valletta favur il-verit\u00e0 u l-\u0121ustizzja g\u0127al Daphne u dan sakemm il-qorti ddikjaratu \u0127ati talli kiser id-drittijiet fundamentali tal-bniedem u talli \u017cera&#8217; l-firda fil-pajji\u017c. Jew forsi ser ji\u0121i m\u0121ieg\u0127el jispjega kif seta&#8217; jilbes \u017cew\u0121t ikpiepel f&#8217;daqqa: b\u0127ala avukat personali ta&#8217; Joseph Muscat u b\u0127ala Ministru tal-\u0120ustizzja fil-ka\u017c tal-inkjesta dwar l-iskandlu Egrant.<\/p>\n<p>Jista&#8217; jag\u0127ti l-ka\u017c li ser jag\u0127mel b\u0127alma g\u0127amlu l-kollegi tieg\u0127u u jg\u0127idilna li ma kien jaf xejn dwar dak li Joseph Muscat kien qed i\u0127awwad fil-borma, li hu qatt ma kien fost dawk li kienu jie\u0127du d-de\u010bi\u017cjonijiet, li hu kien barra mill-kabinett tal-k\u010bina u li fil-fatt lil Joseph Muscat qatt ma kien \u0127amlu. X&#8217;taqbad tag\u0127mel?<\/p>\n<p>M&#8217;hemmx dubju li issa nbeda&#8217; l-pro\u010bess li permezz tieg\u0127u qed jippruvaw i\u0127assru l-imma\u0121ni tag\u0127hom stess minn ma&#8217; dik ta&#8217; Joseph Muscat. Evarist Bartolo, Edward Scicluna, Chris Fearne: permezz tax-xhieda li taw, dawn ilkoll ippruvaw i\u0127assru lil Joseph Muscat mill-img\u0127oddi tag\u0127hom. E\u017catt kif Stalin kien ipprova j\u0127assar il-memorja ta&#8217; Trotsky.<\/p>\n<p>Ag\u0127tu daqqa t&#8217;g\u0127ajn lejn dan il-filmat li n\u0121ibed fl-2017 li m&#8217;hu xejn \u0127lief filmat ta&#8217; propaganda li Owen Bonnici kien xandar fuq il-Facebook biex i\u0127ajjar lill-votanti jer\u0121g\u0127u jivvutawlu. F&#8217;dan il-filmat Joseph Muscat jidher jag\u0127millu riklam: &#8220;meta lil Owen Bonnici nag\u0127ti\u0127 bi\u010b\u010ba xog\u0127ol x&#8217;iwettaq, naf li x-xog\u0127ol li ng\u0127addilu jag\u0127mlu sewwa.&#8221;<\/p>\n<p>Meta g\u0127ada jitla&#8217; fuq il-pedana tax-xhieda, Owen Bonnici dan il-filmat g\u0127andu j\u017commu f&#8217;mo\u0127\u0127u.<\/p>\n<div class=\"video-shortcode\"><iframe title=\"Ara x&#039;qal il-Prim Ministru Joseph Muscat dwar Owen Bonnici\" width=\"1100\" height=\"619\" src=\"https:\/\/www.youtube.com\/embed\/V6DrqiOjM9E?feature=oembed\" frameborder=\"0\" allow=\"accelerometer; autoplay; clipboard-write; encrypted-media; gyroscope; picture-in-picture\" allowfullscreen><\/iframe><\/div>\n","protected":false},"excerpt":{"rendered":"<p>G\u0127ada mistenni li jixhed Owen Bonnici quddiem il-bord tal-inkjesta dwar il-qtil ta&#8217; Daphne Caruana Galizia. Jista&#8217; jag\u0127ti l-ka\u017c li ser ikollu jispjega l-g\u0127ala kuljum kien ji\u010b\u010bensura l-protesti li kienu jsiru fil-Belt Valletta favur il-verit\u00e0 u l-\u0121ustizzja g\u0127al Daphne u dan sakemm il-qorti ddikjaratu \u0127ati talli kiser id-drittijiet fundamentali tal-bniedem u talli \u017cera&#8217; l-firda fil-pajji\u017c. Jew [&hellip;]<\/p>\n","protected":false},"author":1,"featured_media":94669,"comment_status":"open","ping_status":"open","sticky":false,"template":"","format":"standard","meta":[],"categories":[54],"tags":[],"_links":{"self":[{"href":"https:\/\/manueldelia.com\/mt\/wp-json\/wp\/v2\/posts\/94678\/"}],"collection":[{"href":"https:\/\/manueldelia.com\/mt\/wp-json\/wp\/v2\/posts\/"}],"about":[{"href":"https:\/\/manueldelia.com\/mt\/wp-json\/wp\/v2\/types\/post\/"}],"author":[{"embeddable":true,"href":"https:\/\/manueldelia.com\/mt\/wp-json\/wp\/v2\/users\/1\/"}],"replies":[{"embeddable":true,"href":"https:\/\/manueldelia.com\/mt\/wp-json\/wp\/v2\/comments\/?post=94678"}],"version-history":[{"count":2,"href":"https:\/\/manueldelia.com\/mt\/wp-json\/wp\/v2\/posts\/94678\/revisions\/"}],"predecessor-version":[{"id":94681,"href":"https:\/\/manueldelia.com\/mt\/wp-json\/wp\/v2\/posts\/94678\/revisions\/94681\/"}],"wp:featuredmedia":[{"embeddable":true,"href":"https:\/\/manueldelia.com\/mt\/wp-json\/wp\/v2\/media\/94669\/"}],"wp:attachment":[{"href":"https:\/\/manueldelia.com\/mt\/wp-json\/wp\/v2\/media\/?parent=94678"}],"wp:term":[{"taxonomy":"category","embeddable":true,"href":"https:\/\/manueldelia.com\/mt\/wp-json\/wp\/v2\/categories\/?post=94678"},{"taxonomy":"post_tag","embeddable":true,"href":"https:\/\/manueldelia.com\/mt\/wp-json\/wp\/v2\/tags\/?post=94678"}],"curies":[{"name":"wp","href":"https:\/\/api.w.org\/{rel}","templated":true}]}}