{"id":95113,"date":"2020-10-05T13:21:06","date_gmt":"2020-10-05T11:21:06","guid":{"rendered":"https:\/\/manueldelia.com\/?p=95113"},"modified":"2020-10-05T14:28:22","modified_gmt":"2020-10-05T12:28:22","slug":"l-imxijja-fl-iskejjel-jehtieg-li-nkunu-nafu-l-fatti","status":"publish","type":"post","link":"https:\/\/manueldelia.com\/mt\/2020\/10\/l-imxijja-fl-iskejjel-jehtieg-li-nkunu-nafu-l-fatti\/","title":{"rendered":"L-imxijja fl-iskejjel: je\u0127tie\u0121 li nkunu nafu l-fatti."},"content":{"rendered":"<p><img class=\"aligncenter size-full wp-image-95108\" src=\"https:\/\/manueldelia.com\/wp-content\/uploads\/2020\/10\/maxresdefault-1.jpg\" alt=\"\" width=\"1280\" height=\"720\" srcset=\"https:\/\/manueldelia.com\/wp-content\/uploads\/2020\/10\/maxresdefault-1-200x113.jpg 200w, https:\/\/manueldelia.com\/wp-content\/uploads\/2020\/10\/maxresdefault-1-300x169.jpg 300w, https:\/\/manueldelia.com\/wp-content\/uploads\/2020\/10\/maxresdefault-1-400x225.jpg 400w, https:\/\/manueldelia.com\/wp-content\/uploads\/2020\/10\/maxresdefault-1-600x338.jpg 600w, https:\/\/manueldelia.com\/wp-content\/uploads\/2020\/10\/maxresdefault-1-768x432.jpg 768w, https:\/\/manueldelia.com\/wp-content\/uploads\/2020\/10\/maxresdefault-1-800x450.jpg 800w, https:\/\/manueldelia.com\/wp-content\/uploads\/2020\/10\/maxresdefault-1.jpg 1024w, https:\/\/manueldelia.com\/wp-content\/uploads\/2020\/10\/maxresdefault-1-1200x675.jpg 1200w\" sizes=\"(max-width: 1280px) 100vw, 1280px\" \/><\/p>\n<p>Id-Dipartiment tal-Edukazzjoni b\u0127alissa jinsab mehdi jipprova jikkalma l-bi\u017cg\u0127at tan-nies dwar il-possibilit\u00e0 li tinfirex l-imxijja Covid-19 fl-iskejjel. U qed jag\u0127mel dan billi jag\u0127mel tabirru\u0127u li din l-imxijja ma te\u017cistix. Bosta huma dawk it-tfal li g\u0127adhom ma bdewx jattendu l-iskejjel u xxandru rapporti mhux konfermati fil-media so\u010bjali li \u010berti \u0127addiema f&#8217;xi istituzzjonijiet edukattivi \u0121ew ittestjati b\u0127ala po\u017cittivi g\u0127all-imxijja.<\/p>\n<p>Ix-xnieg\u0127at lili ma jimpressjonawnix. U mhux bi \u0127siebni noqg\u0127od nirrepetihom. I\u017cda l-verit\u00e0 hi li s-skiet tal-gvern qed iqajjem is-suspetti u qed jo\u0127loq \u010bertu bi\u017ca&#8217; fost il-\u0121enituri.<\/p>\n<p>\u0120ew f&#8217;idejja rapporti ta&#8217; ri\u017cultati po\u017cittivi ta&#8217; testijiet li ttie\u0127du fid-dipartiment tal-in\u0121inerija tal-MCAST, fl-iskola primarja tal-gvern f&#8217;\u0126al Tarxien, fl-iskola medja tan-Naxxar, fi skejjel sekondarji fil-Mosta, \u0126al Qormi, \u0126ad Dingli u l-\u0126amrun kif ukoll fl-iskola tal-Musulmani f&#8217;Ra\u0127al \u0120did u fi skola indipendenti f&#8217;Pembroke.<\/p>\n<p>Dawn it-testijiet po\u017cittivi jfissru li l-protokolli ta&#8217; sigurt\u00e0 li n\u0127olqu ma kienux bi\u017c\u017cejjed biex jidentifikaw dawn il-ka\u017cijiet. Ifissru wkoll li jista&#8217; jkollox il-<em>contact tracing<\/em>, il-fumigazzjoni u <em>lock-downs<\/em> i\u017colati fejn ikun me\u0127tie\u0121 biex ji\u0121i \u017cgurat li ma ji\u0121ux infettati \u0127afna nies. I\u017cda jidher li m&#8217;hemm ebda mod kif dan jista&#8217; jitwaqqaf sakemm l-imxijja tkun kontrollata. U jidher li l-imxijja g\u0127ad fadlilha sakemm tkun kontrollata g\u0127al kollox.<\/p>\n<p>Il-gvern je\u0127tie\u0121 li li ma jibqax i\u017comm is-skiet u jitkellem. Il-\u0121enituri huma \u0127erqanin li jkunu jafu x&#8217;informazzjoni jaf biha l-gvern u meta sar jafha. Dan ig\u0127odd g\u0127an-nanniet ukoll. G\u0127aliex bosta huma dawk l-ulied li jg\u0127ixu ta\u0127t l-istess saqaf man-nanniet jew inkella jg\u0127addu xi \u017cmien mag\u0127hom wara l-iskola. Dan biss di\u0121\u00e0 huwa ta&#8217; t\u0127assib.<\/p>\n<p>Dan it-t\u0127assib jista&#8217; jinqered biss jekk in-nies tkun taf kemm irnexxew il-protokolli ta&#8217; kontra l-imxijja fl-iskejjel. \u0120udizzju inkunu nistg\u0127u ng\u0127adduh biss \u0121aladarba ning\u0127ataw l-informazzjoni regolarment u b&#8217;mod uffi\u010bjali.<\/p>\n<p>Il-gvern ma jridx jarana ninkwitaw. I\u017cda mhux ser isabbarna meta ja\u0127bielna l-fatti. Bil-maqlub aktar i\u0121ieg\u0127el lil min jinkwieta.<\/p>\n<p>Owen, meta tilbes il-maskra ara li dejjem tg\u0127atti lil imnie\u0127rek jekk jog\u0127\u0121bok.<\/p>\n","protected":false},"excerpt":{"rendered":"<p>Id-Dipartiment tal-Edukazzjoni b\u0127alissa jinsab mehdi jipprova jikkalma l-bi\u017cg\u0127at tan-nies dwar il-possibilit\u00e0 li tinfirex l-imxijja Covid-19 fl-iskejjel. U qed jag\u0127mel dan billi jag\u0127mel tabirru\u0127u li din l-imxijja ma te\u017cistix. Bosta huma dawk it-tfal li g\u0127adhom ma bdewx jattendu l-iskejjel u xxandru rapporti mhux konfermati fil-media so\u010bjali li \u010berti \u0127addiema f&#8217;xi istituzzjonijiet edukattivi \u0121ew ittestjati b\u0127ala po\u017cittivi [&hellip;]<\/p>\n","protected":false},"author":60,"featured_media":95109,"comment_status":"open","ping_status":"open","sticky":false,"template":"","format":"standard","meta":[],"categories":[54],"tags":[],"_links":{"self":[{"href":"https:\/\/manueldelia.com\/mt\/wp-json\/wp\/v2\/posts\/95113\/"}],"collection":[{"href":"https:\/\/manueldelia.com\/mt\/wp-json\/wp\/v2\/posts\/"}],"about":[{"href":"https:\/\/manueldelia.com\/mt\/wp-json\/wp\/v2\/types\/post\/"}],"author":[{"embeddable":true,"href":"https:\/\/manueldelia.com\/mt\/wp-json\/wp\/v2\/users\/60\/"}],"replies":[{"embeddable":true,"href":"https:\/\/manueldelia.com\/mt\/wp-json\/wp\/v2\/comments\/?post=95113"}],"version-history":[{"count":1,"href":"https:\/\/manueldelia.com\/mt\/wp-json\/wp\/v2\/posts\/95113\/revisions\/"}],"predecessor-version":[{"id":95114,"href":"https:\/\/manueldelia.com\/mt\/wp-json\/wp\/v2\/posts\/95113\/revisions\/95114\/"}],"wp:featuredmedia":[{"embeddable":true,"href":"https:\/\/manueldelia.com\/mt\/wp-json\/wp\/v2\/media\/95109\/"}],"wp:attachment":[{"href":"https:\/\/manueldelia.com\/mt\/wp-json\/wp\/v2\/media\/?parent=95113"}],"wp:term":[{"taxonomy":"category","embeddable":true,"href":"https:\/\/manueldelia.com\/mt\/wp-json\/wp\/v2\/categories\/?post=95113"},{"taxonomy":"post_tag","embeddable":true,"href":"https:\/\/manueldelia.com\/mt\/wp-json\/wp\/v2\/tags\/?post=95113"}],"curies":[{"name":"wp","href":"https:\/\/api.w.org\/{rel}","templated":true}]}}