{"id":95133,"date":"2020-10-05T17:46:14","date_gmt":"2020-10-05T15:46:14","guid":{"rendered":"https:\/\/manueldelia.com\/?p=95133"},"modified":"2020-10-05T18:51:04","modified_gmt":"2020-10-05T16:51:04","slug":"dakinhar-li-x-xilep-kien-diga-gewwa","status":"publish","type":"post","link":"https:\/\/manueldelia.com\/mt\/2020\/10\/dakinhar-li-x-xilep-kien-diga-gewwa\/","title":{"rendered":"Dakinhar li x-xilep kien di\u0121\u00e0 \u0121ewwa"},"content":{"rendered":"<p><img class=\"aligncenter size-full wp-image-95120\" src=\"https:\/\/manueldelia.com\/wp-content\/uploads\/2020\/10\/60f9cbec-36e2-46c7-8b80-a03637021d6f.jpg\" alt=\"\" width=\"850\" height=\"530\" srcset=\"https:\/\/manueldelia.com\/wp-content\/uploads\/2020\/10\/60f9cbec-36e2-46c7-8b80-a03637021d6f-200x125.jpg 200w, https:\/\/manueldelia.com\/wp-content\/uploads\/2020\/10\/60f9cbec-36e2-46c7-8b80-a03637021d6f-300x187.jpg 300w, https:\/\/manueldelia.com\/wp-content\/uploads\/2020\/10\/60f9cbec-36e2-46c7-8b80-a03637021d6f-400x249.jpg 400w, https:\/\/manueldelia.com\/wp-content\/uploads\/2020\/10\/60f9cbec-36e2-46c7-8b80-a03637021d6f-600x374.jpg 600w, https:\/\/manueldelia.com\/wp-content\/uploads\/2020\/10\/60f9cbec-36e2-46c7-8b80-a03637021d6f-768x479.jpg 768w, https:\/\/manueldelia.com\/wp-content\/uploads\/2020\/10\/60f9cbec-36e2-46c7-8b80-a03637021d6f-800x499.jpg 800w, https:\/\/manueldelia.com\/wp-content\/uploads\/2020\/10\/60f9cbec-36e2-46c7-8b80-a03637021d6f.jpg 850w\" sizes=\"(max-width: 850px) 100vw, 850px\" \/><\/p>\n<p>Il-Partit Laburista u l-fornituri lokali tal-kuntratt tal-ener\u0121ija li ma\u017c-\u017cmien kellu jsir mag\u0127ruf b\u0127ala Electrogas kienu ftehmu dwar il-kundizzjonijiet tal-kuntratt fi\u017c-\u017cmien meta tal-Labour kienu g\u0127adhom fl-oppo\u017cizzjoni. Dan jista&#8217; jfisser li n-negozjanti li kellhom jirb\u0127u l-kuntratt tal-gvern spi\u010b\u010baw biex iffinanzjaw lill-Partit Laburista. Din ix-xilja hi mi\u010b\u0127uda minn kull min kellu x&#8217;jaqsam mal-kuntratt.<\/p>\n<p>Madankollu issa g\u0127andna konferma &#8211; mhux spekulazzjoni &#8211; li l-kuntratt kien \u0121ie miftiehem barra mill-konfini tal-li\u0121i li tirregola l-offerti pubbli\u010bi. Il-familji Fenech, Gasan u Apap Bologna kienu jafu u fehmu li gvern li kien g\u0127adu ma \u0127ax is-setg\u0127a f&#8217;idejh kien ser jag\u0127mel talba biex jixtri l-ener\u0121ija minn fornitur li kellu l-\u0127ila jforni fuq medda ta&#8217; 18 il-sena. Kienu jafu bil-kundizzjonijiet tal-offerta qabel din inkitbet u \u0121iet stampata.<\/p>\n<p>U l-&#8220;pro\u010bess&#8221; tal-offerti li kellu jsegwi kien biss farsa g\u0127al g\u0127ajn in-nies.<\/p>\n<p><a href=\"https:\/\/timesofmalta.com\/articles\/view\/live-blog-mark-gasan-testifies-in-caruana-galizia-inquiry.822433\" target=\"_blank\" rel=\"noopener noreferrer\">Hu u jixhed illum quddiem l-Im\u0127allfin tal-inkjesta dwar il-qtil ta&#8217; Daphne Caruana Galizia, Mark Gasan ikkonferma bla tlaqliq<\/a> li kien pre\u017centi g\u0127al laqg\u0127at li kienu se\u0127\u0127ew qabel l-elezzjoni ta&#8217; Marzu 2013 li fihom \u0121ew diskussi l-kundizzjonijiet tal-pro\u0121ett. Il-\u0121img\u0127a li g\u0127addiet, meta \u0121ie mistoqsi l-istess mistoqsija, Paul Apap Bologna pprova ji\u017cloq minnha. I\u017cda Mark Gasan ma \u017celaqx.<\/p>\n<p>Hemm aktar okka\u017cjonijiet li fihom Apap Bologna u Gasan ma qablux fix-xhieda tag\u0127hom u l-membri tal-bord tal-inkjesta x&#8217;aktarx li ser jippruvaw isibu tarf meta jer\u0121a&#8217; jixhed Paul Apap Bologna.<\/p>\n<p>I\u017cda l-istqarrija ta&#8217; Mark Gasan tal-lum dwar il-laqg\u0127at li kienu se\u0127\u0127ew qabel l-elezzjoni tal-2013 hi l-qofol ta&#8217; kollox. Forsi ming\u0127ajr ma ried, ta twe\u0121iba lil tas-Siemens li baqg\u0127u jg\u0127idu li m&#8217;g\u0127amlu xejn \u0127a\u017cin fejn g\u0127andu x&#8217;jaqsam l-Electrogas i\u017cda li l-politika tag\u0127hom ma tippermettilhomx li jid\u0127lu s\u0127ab ma&#8217; min jikser ir-regoli dwar l-offerti pubbli\u010bi.<\/p>\n<p>Dan \u010bertament ma jistg\u0127ux jinjorawh.<\/p>\n","protected":false},"excerpt":{"rendered":"<p>Il-Partit Laburista u l-fornituri lokali tal-kuntratt tal-ener\u0121ija li ma\u017c-\u017cmien kellu jsir mag\u0127ruf b\u0127ala Electrogas kienu ftehmu dwar il-kundizzjonijiet tal-kuntratt fi\u017c-\u017cmien meta tal-Labour kienu g\u0127adhom fl-oppo\u017cizzjoni. Dan jista&#8217; jfisser li n-negozjanti li kellhom jirb\u0127u l-kuntratt tal-gvern spi\u010b\u010baw biex iffinanzjaw lill-Partit Laburista. Din ix-xilja hi mi\u010b\u0127uda minn kull min kellu x&#8217;jaqsam mal-kuntratt. Madankollu issa g\u0127andna konferma &#8211; [&hellip;]<\/p>\n","protected":false},"author":1,"featured_media":95121,"comment_status":"open","ping_status":"open","sticky":false,"template":"","format":"standard","meta":[],"categories":[54],"tags":[],"_links":{"self":[{"href":"https:\/\/manueldelia.com\/mt\/wp-json\/wp\/v2\/posts\/95133\/"}],"collection":[{"href":"https:\/\/manueldelia.com\/mt\/wp-json\/wp\/v2\/posts\/"}],"about":[{"href":"https:\/\/manueldelia.com\/mt\/wp-json\/wp\/v2\/types\/post\/"}],"author":[{"embeddable":true,"href":"https:\/\/manueldelia.com\/mt\/wp-json\/wp\/v2\/users\/1\/"}],"replies":[{"embeddable":true,"href":"https:\/\/manueldelia.com\/mt\/wp-json\/wp\/v2\/comments\/?post=95133"}],"version-history":[{"count":2,"href":"https:\/\/manueldelia.com\/mt\/wp-json\/wp\/v2\/posts\/95133\/revisions\/"}],"predecessor-version":[{"id":95135,"href":"https:\/\/manueldelia.com\/mt\/wp-json\/wp\/v2\/posts\/95133\/revisions\/95135\/"}],"wp:featuredmedia":[{"embeddable":true,"href":"https:\/\/manueldelia.com\/mt\/wp-json\/wp\/v2\/media\/95121\/"}],"wp:attachment":[{"href":"https:\/\/manueldelia.com\/mt\/wp-json\/wp\/v2\/media\/?parent=95133"}],"wp:term":[{"taxonomy":"category","embeddable":true,"href":"https:\/\/manueldelia.com\/mt\/wp-json\/wp\/v2\/categories\/?post=95133"},{"taxonomy":"post_tag","embeddable":true,"href":"https:\/\/manueldelia.com\/mt\/wp-json\/wp\/v2\/tags\/?post=95133"}],"curies":[{"name":"wp","href":"https:\/\/api.w.org\/{rel}","templated":true}]}}