{"id":95961,"date":"2020-10-29T08:25:10","date_gmt":"2020-10-29T07:25:10","guid":{"rendered":"https:\/\/manueldelia.com\/?p=95961"},"modified":"2020-10-29T09:57:57","modified_gmt":"2020-10-29T08:57:57","slug":"araw-ftit-kif-qed-jippruvaw-igibu-fix-xejn-id-drittijiet-tieghek","status":"publish","type":"post","link":"https:\/\/manueldelia.com\/mt\/2020\/10\/araw-ftit-kif-qed-jippruvaw-igibu-fix-xejn-id-drittijiet-tieghek\/","title":{"rendered":"Araw ftit kif qed jippruvaw i\u0121ibu fix-xejn id-drittijiet tieg\u0127ek"},"content":{"rendered":"<p>Din l-&#8220;istorja&#8221; li xandru tal-One TV tistg\u0127u fa\u010bilment tikkunsidrawha b\u0127ala opportunit\u00e0 o\u0127ra biex tal-Labour jaqbdu ma&#8217; Jason Azzopardi, bniedem li n-nies tag\u0127hom ma ja\u0127mlu\u0127x pin\u0121ut. I\u017cda tal-Labour ta&#8217; sikwit jinsew li, b\u0127ala partit politiku, g\u0127andhom ukoll ir-responsabbiltajiet tag\u0127hom lejn id-demokrazija. Meta partit politiku jattakka d-drittijiet ba\u017ci\u010bi bil-mod li jattakkahom il-Partit Laburista, ikollna g\u0127alxiex ninkwietaw.<\/p>\n<div class=\"video-shortcode\"><iframe title=\"JASON AZZOPARDI IMUR QUDDIEM QORTI EWROPEA KONTRA MALTA\" width=\"1100\" height=\"619\" src=\"https:\/\/www.youtube.com\/embed\/YsZDg1LTSEo?feature=oembed\" frameborder=\"0\" allow=\"accelerometer; autoplay; clipboard-write; encrypted-media; gyroscope; picture-in-picture\" allowfullscreen><\/iframe><\/div>\n<p>Dan l-hekk imsejja\u0127 rapport ittratta dwar il-fatt li, aktar kmieni din il-\u0121img\u0127a, Jason Azzopardi deher g\u0127al Repubblika f&#8217;seduta tal-Qorti Ewropea tal-\u0120ustizzja fil-Lussemburgu. U dawn tg\u0127idx kemm tka\u017caw g\u0127aliex, skont huma, l-avukat ta&#8217; Repubblika &#8220;tkellem kontra s-sistema tal-\u0127atriet g\u0127all-\u0121udikatura li g\u0127andna f&#8217;Malta&#8221;.<\/p>\n<p>\u201cDin ma kienitx l-ewwel darba li d-deputat Nazzjonalista Jason Azzopardi u Repubblika \u017cammew kontra Malta\u201d.<\/p>\n<p>Dawn iridu jbellg\u0127uha b\u0127allikieku saret xi \u0127a\u0121a \u0127a\u017cina. Fid-dittatorjati biss li l-gvern ma jistax jit\u0127arrek fil-qorti. Il-qrati je\u017cistu g\u0127al tliet ra\u0121unijiet ba\u017ci\u010bi: 1. sabiex l-istat iqabbad \u0121udikatur imparzjali biex dan ig\u0127addi \u0121udizzju u jikkastiga l-kriminali; 2. sabiex in-nies tkun tista&#8217; ssib tarf ta&#8217; kwistjonijiet li jinqalg\u0127u bejniethom b&#8217;mod non-vjolenti; u 3. sabiex in-nies ikollha l-protezzjoni ta&#8217; \u0121udikatur indipendenti li jipprote\u0121iha minn im\u0121ieba abbu\u017civa tal-gvern.<\/p>\n<p>Il-Qorti Ewropea tal-\u0120ustizzja hi qorti li tfasslet b&#8217;li\u0121i u li tirregola t-t\u0127addim korrett tal-li\u0121ijiet li japplikaw g\u0127al Malta. Wara kollox, dan huwa l-iskop a\u0127\u0127ari wara s-s\u0127ubija fl-Unjoni Ewropea: li l-li\u0121ijiet Ewropej isiru parti mil-li\u0121ijiet Maltin li ji\u0121u applikati f&#8217;Malta u li \u010bittadini Maltin jkunu jistg\u0127u jfittxu rimedju fil-Qorti Ewropea.<\/p>\n<p>Din m&#8217;hix kwistjoni li dwarha wie\u0127ed ikun qed \u201ci\u017comm kontra Malta\u201d. I\u017cda hi dwar talba sabiex il-li\u0121ijiet Maltin ji\u0121u nfurzati bis-serjet\u00e0 f&#8217;Malta u sabiex il-gvern ji\u0121i m\u0121ieg\u0127el ja\u0127dem fil-parametri tal-li\u0121i. Im\u0121ieba llegali u mhux \u010bivilizzata tfisser li wie\u0127ed jirrikorri g\u0127at-terrori\u017cmu. L-affarijiet ma kienux jaslu g\u0127al din l-estremit\u00e0 li kieku l-qrati jit\u0127allew ja\u0127dmu u a\u0127na, l-poplu, ma jkollniex xkiel biex nie\u0127du dak li jkun \u0127aqqna permezz tal-qrati.<\/p>\n<p>Tal-Labour iridu jilg\u0127abuha tal-bulijiet sabiex inaffru lin-nies milli tfittex rimedju permezz tal-qrati. M&#8217;huwiex daqstant rilevanti dwar jekk Repubblika g\u0127andhiex ra\u0121un jew le dwar jekk it-trattat tal-UE japplikax g\u0127all-metodu li ntu\u017ca f&#8217;April 2019 dwar l-g\u0127a\u017cla tal-\u0121udikanti f&#8217;Malta. Il-punt rilevanti hu li tal-Labour qed jattakkaw id-dritt ba\u017ciku u universali ta&#8217; kull \u010bittadin li jfittex rimedju bil-qorti u li jqabbad avukat tal-g\u0127a\u017cla tieg\u0127u.<\/p>\n<p>Din l-intimidazzjoni hi m\u0121ieba anti-demokratika g\u0127all-a\u0127\u0127ar. Mhux bi \u0127siebna nnaqqsu l-gravit\u00e0 tag\u0127ha g\u0127aliex &#8220;hekk jag\u0127mlu s-soltu tas- Super One&#8221;.<\/p>\n<p>Araw ftit kif irnexxielhom jimminaw lid-demokrazija tag\u0127na.<\/p>\n<p>U din hi r-ra\u0121uni ewlenija l-g\u0127ala je\u0127tie\u0121 li nirre\u017cistuhom bil-qawwa kollha.<\/p>\n","protected":false},"excerpt":{"rendered":"<p>Din l-&#8220;istorja&#8221; li xandru tal-One TV tistg\u0127u fa\u010bilment tikkunsidrawha b\u0127ala opportunit\u00e0 o\u0127ra biex tal-Labour jaqbdu ma&#8217; Jason Azzopardi, bniedem li n-nies tag\u0127hom ma ja\u0127mlu\u0127x pin\u0121ut. I\u017cda tal-Labour ta&#8217; sikwit jinsew li, b\u0127ala partit politiku, g\u0127andhom ukoll ir-responsabbiltajiet tag\u0127hom lejn id-demokrazija. Meta partit politiku jattakka d-drittijiet ba\u017ci\u010bi bil-mod li jattakkahom il-Partit Laburista, ikollna g\u0127alxiex ninkwietaw. Dan [&hellip;]<\/p>\n","protected":false},"author":1,"featured_media":95957,"comment_status":"open","ping_status":"open","sticky":false,"template":"","format":"standard","meta":[],"categories":[54],"tags":[],"_links":{"self":[{"href":"https:\/\/manueldelia.com\/mt\/wp-json\/wp\/v2\/posts\/95961\/"}],"collection":[{"href":"https:\/\/manueldelia.com\/mt\/wp-json\/wp\/v2\/posts\/"}],"about":[{"href":"https:\/\/manueldelia.com\/mt\/wp-json\/wp\/v2\/types\/post\/"}],"author":[{"embeddable":true,"href":"https:\/\/manueldelia.com\/mt\/wp-json\/wp\/v2\/users\/1\/"}],"replies":[{"embeddable":true,"href":"https:\/\/manueldelia.com\/mt\/wp-json\/wp\/v2\/comments\/?post=95961"}],"version-history":[{"count":2,"href":"https:\/\/manueldelia.com\/mt\/wp-json\/wp\/v2\/posts\/95961\/revisions\/"}],"predecessor-version":[{"id":95968,"href":"https:\/\/manueldelia.com\/mt\/wp-json\/wp\/v2\/posts\/95961\/revisions\/95968\/"}],"wp:featuredmedia":[{"embeddable":true,"href":"https:\/\/manueldelia.com\/mt\/wp-json\/wp\/v2\/media\/95957\/"}],"wp:attachment":[{"href":"https:\/\/manueldelia.com\/mt\/wp-json\/wp\/v2\/media\/?parent=95961"}],"wp:term":[{"taxonomy":"category","embeddable":true,"href":"https:\/\/manueldelia.com\/mt\/wp-json\/wp\/v2\/categories\/?post=95961"},{"taxonomy":"post_tag","embeddable":true,"href":"https:\/\/manueldelia.com\/mt\/wp-json\/wp\/v2\/tags\/?post=95961"}],"curies":[{"name":"wp","href":"https:\/\/api.w.org\/{rel}","templated":true}]}}