{"id":96083,"date":"2020-11-01T11:16:15","date_gmt":"2020-11-01T10:16:15","guid":{"rendered":"https:\/\/manueldelia.com\/?p=96083"},"modified":"2020-11-02T10:40:33","modified_gmt":"2020-11-02T09:40:33","slug":"araw-ftit-xtahwida-sab-ruhu-fiha-pajjizna","status":"publish","type":"post","link":"https:\/\/manueldelia.com\/mt\/2020\/11\/araw-ftit-xtahwida-sab-ruhu-fiha-pajjizna\/","title":{"rendered":"Araw ftit x&#8217;ta\u0127wida sab ru\u0127u fiha pajji\u017cna"},"content":{"rendered":"<p><img class=\"aligncenter size-full wp-image-96079\" src=\"https:\/\/manueldelia.com\/wp-content\/uploads\/2020\/11\/41eb71e85c6e305cfcc07d7f5646b038c69af3cf-1591979062-5ee3ac36-630x420-1.jpg\" alt=\"\" width=\"630\" height=\"420\" srcset=\"https:\/\/manueldelia.com\/wp-content\/uploads\/2020\/11\/41eb71e85c6e305cfcc07d7f5646b038c69af3cf-1591979062-5ee3ac36-630x420-1-200x133.jpg 200w, https:\/\/manueldelia.com\/wp-content\/uploads\/2020\/11\/41eb71e85c6e305cfcc07d7f5646b038c69af3cf-1591979062-5ee3ac36-630x420-1-300x200.jpg 300w, https:\/\/manueldelia.com\/wp-content\/uploads\/2020\/11\/41eb71e85c6e305cfcc07d7f5646b038c69af3cf-1591979062-5ee3ac36-630x420-1-400x267.jpg 400w, https:\/\/manueldelia.com\/wp-content\/uploads\/2020\/11\/41eb71e85c6e305cfcc07d7f5646b038c69af3cf-1591979062-5ee3ac36-630x420-1-600x400.jpg 600w, https:\/\/manueldelia.com\/wp-content\/uploads\/2020\/11\/41eb71e85c6e305cfcc07d7f5646b038c69af3cf-1591979062-5ee3ac36-630x420-1.jpg 630w\" sizes=\"(max-width: 630px) 100vw, 630px\" \/><\/p>\n<p>Fi \u017cminijiet normali u f&#8217;pajji\u017ci normali, l-istejjer li kixef id-deputat Nazzjonalista Jason Azzopardi u dak li xxandar mill-istampa dwar politi\u010bi Laburisti li allegatament huma mda\u0127\u0127lin f&#8217;delitti kriminali kien i\u0121ieg\u0127el lill-pubbliku jistaqsi dwar x&#8217;qed jag\u0127mel il-prim ministru biex i\u017comm ru\u0127u &#8216;l bog\u0127od mill-\u0127allelin u l-kriminali li jinsabu fil-qalba tal-gvern tieg\u0127u.<\/p>\n<p>I\u017cda f&#8217;pajji\u017cna in-normal ifisser xi \u0127a\u0121&#8217;o\u0127ra.<\/p>\n<p>Dan ma kellniex g\u0127alfejn noqg\u0127odu n\u0127abblu mo\u0127\u0127na biex nifhmuh. G\u0127aliex kemm ilu li tfa\u010b\u010ba Joseph Muscat fix-xena politika Maltija, l-gvern ma jistax ikollu rwol f&#8217;investigazzjonijiet kriminali li jsiru. Il-Kostituzzjoni tag\u0127ti s-setg\u0127a lill-gvern li jidde\u010biedi dwar jekk xi \u0127add b\u0127al Vince \u201cil-Ko\u0127\u0127u\u201d Muscat g\u0127andux jing\u0127ata proklama sabiex ikun liberu li jixhed kontra l-img\u0127allmin mafju\u017ci tieg\u0127u. Dakinhar li din is-setg\u0127a nkitbet fis-sistema kostituzzjonali tag\u0127na, wie\u0127ed kien g\u0127adu jassumi li mhux ser ikunu ministri tal-gvern li huma stess ikunu mda\u0127\u0127lin f&#8217;serqiet minn banek flimkien ma&#8217; kriminali mixlija bi qtil.<\/p>\n<p>U minkejja kollox, kellna naslu s&#8217;hawn.<\/p>\n<p>Mhux bi \u0127siebni noqg\u0127od nispekula dwar l-identit\u00e0 ta&#8217; dawn il-politi\u010bi Laburisti.<\/p>\n<p>I\u017cda ma nistax ma nosservax li l-fero\u010bit\u00e0 tal-attakki li qed jag\u0127mlu tal-Labour fuq Jason Azzopardi &#8211; politiku li jaf b&#8217;dak kollu li jafu huma wkoll &#8211;\u00a0 m&#8217;g\u0127andhom g\u0127alxiex jissorprendu lil \u0127add. L-informazzjoni li g\u0127andu f&#8217;idejh Jason Azzopardi hi wa\u0127da perikolu\u017ca \u0127afna u g\u0127aldaqstant huwa stess jinsab fil-periklu.<\/p>\n<p>U minkejja kollox, huwa wasal s&#8217;hawn.<\/p>\n<p>Nosserva wkoll li l-Ko\u0127\u0127u issa ilu minn April 2018 jipprova jpartat l-informazzjoni li huwa g\u0127andu f&#8217;idejh ma&#8217; tnaqqis fil-piena fil-ka\u017c tal-qtil ta&#8217; Daphne Caruana Galizia. Il-Ko\u0127\u0127u jidher li fil-pussess tieg\u0127u g\u0127andu informazzjoni ta&#8217; natura perikolu\u017ca u g\u0127aldastant hu wkoll jinsab f&#8217;periklu serju.<\/p>\n<p>M&#8217;g\u0127andniex xi ng\u0127idu, hemm ukoll il-fatt li Robert Abela \u2013 li kien l-avukat ta&#8217; tal-Maksar, li huma l-istess persuni li ssemmew mill-Ko\u0127\u0127u b\u0127ala dawk li fornew il-materjal splussiv li qatel lil Daphne u li issa hemm il-periklu li jinkixfu dwar ir-rabtiet tag\u0127hom mal-kriminalit\u00e0 organizzata &#8211; g\u0127andu jirriku\u017ca ru\u0127u u joqg\u0127od lura milli jie\u0127u de\u010bi\u017cjonijiet dwar il-ka\u017c.<\/p>\n<p>Nosserva wkoll li t-tmexxija tal-Partit Laburista ma jiddistingwux bejn il-\u0121lieda kontra l-kriminalit\u00e0 mill-priorit\u00e0 tag\u0127hom li jirb\u0127u l-elezzjonijiet. G\u0127alihom il-verit\u00e0 u s-sewwa m&#8217;humiex rilevanti. Il-priorit\u00e0 assoluta tag\u0127hom hi dik li jassiguraw li l-Partit Laburista j\u017comm is-setg\u0127a f&#8217;idejh. Kull kunsiderazzjoni o\u0127ra hi sekondarja.<\/p>\n<p>Hawn min forsi jg\u0127id li din ta&#8217; sikwit hi l-priorit\u00e0 tal-politi\u010bi. U g\u0127al dan jien inwie\u0121eb li g\u0127alhekk huwa importanti li s-setg\u0127a tg\u0127addi ta&#8217; spiss minn partit g\u0127al ie\u0127or.<\/p>\n<p>Fejn jidh\u0127u de\u010bi\u017cjonijiet ta&#8217; din in-natura, l-gvern huwa kontabbli lejn il-poplu. Kif g\u0127andhom ukoll ikunu kontabbli dawk ix-xhieda li jag\u0127\u017clu li jikxfu r-rabtiet tag\u0127hom ma&#8217; delitti kriminali. Huwa biss il-poplu li g\u0127andu s-sa\u0127\u0127a li jara li dawn ikunu kontabbli u li ssir \u0121ustizzja permezz tad-demokrazija.<\/p>\n<p>Je\u0127tie\u0121 li l-Partit Laburista jitlef l-elezzjoni \u0121enerali li jmiss. Il-poplu Malti je\u0127tie\u0121 li jke\u010b\u010bihom mis-setg\u0127a. U, qabel jie\u0127u r-riedni tas-setg\u0127a, l-PN je\u0127tie\u0121 iwieg\u0127ed li g\u0127andhom ikunu l-prosekuturi pubbli\u010bi permanenti li g\u0127andu jkollhom is-setg\u0127a li jmexxu l-prosekuzzjonijiet kriminali indipendentement minn uffi\u010bjali tal-gvern.<\/p>\n<p>G\u0127andna g\u0127alxiex nittamaw?<\/p>\n","protected":false},"excerpt":{"rendered":"<p>Fi \u017cminijiet normali u f&#8217;pajji\u017ci normali, l-istejjer li kixef id-deputat Nazzjonalista Jason Azzopardi u dak li xxandar mill-istampa dwar politi\u010bi Laburisti li allegatament huma mda\u0127\u0127lin f&#8217;delitti kriminali kien i\u0121ieg\u0127el lill-pubbliku jistaqsi dwar x&#8217;qed jag\u0127mel il-prim ministru biex i\u017comm ru\u0127u &#8216;l bog\u0127od mill-\u0127allelin u l-kriminali li jinsabu fil-qalba tal-gvern tieg\u0127u. I\u017cda f&#8217;pajji\u017cna in-normal ifisser xi \u0127a\u0121&#8217;o\u0127ra. [&hellip;]<\/p>\n","protected":false},"author":1,"featured_media":96080,"comment_status":"open","ping_status":"open","sticky":false,"template":"","format":"standard","meta":[],"categories":[54],"tags":[],"_links":{"self":[{"href":"https:\/\/manueldelia.com\/mt\/wp-json\/wp\/v2\/posts\/96083\/"}],"collection":[{"href":"https:\/\/manueldelia.com\/mt\/wp-json\/wp\/v2\/posts\/"}],"about":[{"href":"https:\/\/manueldelia.com\/mt\/wp-json\/wp\/v2\/types\/post\/"}],"author":[{"embeddable":true,"href":"https:\/\/manueldelia.com\/mt\/wp-json\/wp\/v2\/users\/1\/"}],"replies":[{"embeddable":true,"href":"https:\/\/manueldelia.com\/mt\/wp-json\/wp\/v2\/comments\/?post=96083"}],"version-history":[{"count":3,"href":"https:\/\/manueldelia.com\/mt\/wp-json\/wp\/v2\/posts\/96083\/revisions\/"}],"predecessor-version":[{"id":96087,"href":"https:\/\/manueldelia.com\/mt\/wp-json\/wp\/v2\/posts\/96083\/revisions\/96087\/"}],"wp:featuredmedia":[{"embeddable":true,"href":"https:\/\/manueldelia.com\/mt\/wp-json\/wp\/v2\/media\/96080\/"}],"wp:attachment":[{"href":"https:\/\/manueldelia.com\/mt\/wp-json\/wp\/v2\/media\/?parent=96083"}],"wp:term":[{"taxonomy":"category","embeddable":true,"href":"https:\/\/manueldelia.com\/mt\/wp-json\/wp\/v2\/categories\/?post=96083"},{"taxonomy":"post_tag","embeddable":true,"href":"https:\/\/manueldelia.com\/mt\/wp-json\/wp\/v2\/tags\/?post=96083"}],"curies":[{"name":"wp","href":"https:\/\/api.w.org\/{rel}","templated":true}]}}