{"id":98925,"date":"2021-03-03T11:22:14","date_gmt":"2021-03-03T10:22:14","guid":{"rendered":"https:\/\/manueldelia.com\/?p=98925"},"modified":"2021-03-03T15:47:55","modified_gmt":"2021-03-03T14:47:55","slug":"chris-fearne-jaqaw-mghandekx-il-hila-li-tikxef-l-isem-finish-that-sentence-now","status":"publish","type":"post","link":"https:\/\/manueldelia.com\/mt\/2021\/03\/chris-fearne-jaqaw-mghandekx-il-hila-li-tikxef-l-isem-finish-that-sentence-now\/","title":{"rendered":"Chris Fearne, jaqaw m&#8217;g\u0127andekx il-\u0127ila li tikxef l-isem?"},"content":{"rendered":"<p><img class=\"aligncenter size-full wp-image-98909\" src=\"https:\/\/manueldelia.com\/wp-content\/uploads\/2021\/03\/N5NUa1v2_400x400.jpg\" alt=\"\" width=\"400\" height=\"400\" srcset=\"https:\/\/manueldelia.com\/wp-content\/uploads\/2021\/03\/N5NUa1v2_400x400-66x66.jpg 66w, https:\/\/manueldelia.com\/wp-content\/uploads\/2021\/03\/N5NUa1v2_400x400-150x150.jpg 150w, https:\/\/manueldelia.com\/wp-content\/uploads\/2021\/03\/N5NUa1v2_400x400-200x200.jpg 200w, https:\/\/manueldelia.com\/wp-content\/uploads\/2021\/03\/N5NUa1v2_400x400-300x300.jpg 300w, https:\/\/manueldelia.com\/wp-content\/uploads\/2021\/03\/N5NUa1v2_400x400.jpg 400w\" sizes=\"(max-width: 400px) 100vw, 400px\" \/><\/p>\n<p>Tg\u0127idx kemm kien drammatiku l-biera\u0127 Chris Fearne wara li l-Oppo\u017cizzjoni sfidatu u akku\u017catu li kien qed jag\u0127mel il-preferenzi politi\u010bi u jqabbe\u017c nies fuq o\u0127rajn li qed jistennew biex jing\u0127ataw it-tilqima kontra l-imxijja.<\/p>\n<p>Hu u ji\u010b\u0127ad dawn l-istejjer, Chris Fearne infexx f&#8217;dag\u0127diha ta&#8217; rabja u lill-Kap tal-Oppo\u017cizzjoni qallu li kien hemm membru tal-grupp parlamentari tal-PN li kien talbu li jqabb\u017cu fuq minn kien imiss qablu g\u0127at-tilqima u, ta&#8217; &#8220;eroj&#8221; li hu, Chris Fearne ma kienx a\u010b\u010betta. B&#8217;mod erojku, Chris Fearne stqarr ukoll li ma kien bi \u0127siebu jikxef minn kien dan id-deputat tal-PN li talbu jag\u0127mel preferenzi mieg\u0127u.<\/p>\n<p>Dak li ried ipin\u0121ih b\u0127allikieku kien \u0121ust huwa fil-fatt mill-aktar in\u0121ust. U issa ntefa&#8217; dell fuq id-deputati kollha tal-PN.<\/p>\n<p>Dan huwa appuntu dak li Chris Fearne ried jo\u0127loq: g\u0127atta l-preferenzi li g\u0127amel hu billi allega li kul\u0127add qed jag\u0127mel b\u0127alu.<\/p>\n<p>Jekk tassew kien hemm deputat li talab li jitqabbe\u017c fuq min kien imiss qablu, kien messu kixef isem din il-persuna.<\/p>\n<p>G\u0127idilna ftit min kien dan, Chris Fearne. Jekk tibqa&#8217; ma tikxifx min hu jew min hi, nistg\u0127u biss nikkonkludu li qed tigdeb.<\/p>\n","protected":false},"excerpt":{"rendered":"<p>Tg\u0127idx kemm kien drammatiku l-biera\u0127 Chris Fearne wara li l-Oppo\u017cizzjoni sfidatu u akku\u017catu li kien qed jag\u0127mel il-preferenzi politi\u010bi u jqabbe\u017c nies fuq o\u0127rajn li qed jistennew biex jing\u0127ataw it-tilqima kontra l-imxijja. Hu u ji\u010b\u0127ad dawn l-istejjer, Chris Fearne infexx f&#8217;dag\u0127diha ta&#8217; rabja u lill-Kap tal-Oppo\u017cizzjoni qallu li kien hemm membru tal-grupp parlamentari tal-PN li [&hellip;]<\/p>\n","protected":false},"author":1,"featured_media":98910,"comment_status":"open","ping_status":"open","sticky":false,"template":"","format":"standard","meta":[],"categories":[54],"tags":[],"_links":{"self":[{"href":"https:\/\/manueldelia.com\/mt\/wp-json\/wp\/v2\/posts\/98925\/"}],"collection":[{"href":"https:\/\/manueldelia.com\/mt\/wp-json\/wp\/v2\/posts\/"}],"about":[{"href":"https:\/\/manueldelia.com\/mt\/wp-json\/wp\/v2\/types\/post\/"}],"author":[{"embeddable":true,"href":"https:\/\/manueldelia.com\/mt\/wp-json\/wp\/v2\/users\/1\/"}],"replies":[{"embeddable":true,"href":"https:\/\/manueldelia.com\/mt\/wp-json\/wp\/v2\/comments\/?post=98925"}],"version-history":[{"count":3,"href":"https:\/\/manueldelia.com\/mt\/wp-json\/wp\/v2\/posts\/98925\/revisions\/"}],"predecessor-version":[{"id":98928,"href":"https:\/\/manueldelia.com\/mt\/wp-json\/wp\/v2\/posts\/98925\/revisions\/98928\/"}],"wp:featuredmedia":[{"embeddable":true,"href":"https:\/\/manueldelia.com\/mt\/wp-json\/wp\/v2\/media\/98910\/"}],"wp:attachment":[{"href":"https:\/\/manueldelia.com\/mt\/wp-json\/wp\/v2\/media\/?parent=98925"}],"wp:term":[{"taxonomy":"category","embeddable":true,"href":"https:\/\/manueldelia.com\/mt\/wp-json\/wp\/v2\/categories\/?post=98925"},{"taxonomy":"post_tag","embeddable":true,"href":"https:\/\/manueldelia.com\/mt\/wp-json\/wp\/v2\/tags\/?post=98925"}],"curies":[{"name":"wp","href":"https:\/\/api.w.org\/{rel}","templated":true}]}}